{"id":73438,"date":"2016-05-19T10:00:17","date_gmt":"2016-05-19T07:00:17","guid":{"rendered":"http:\/\/sana.sy\/tr\/?p=73438"},"modified":"2016-05-19T13:29:06","modified_gmt":"2016-05-19T10:29:06","slug":"tahil-kurumu-muduru-tahil-ambarlarinin-yeni-mahsulu-karsilamaya-hazir-oldugunu-belirtti","status":"publish","type":"post","link":"https:\/\/archive.sana.sy\/tr\/?p=73438","title":{"rendered":"Tah\u0131l Kurumu M\u00fcd\u00fcr\u00fc tah\u0131l ambarlar\u0131n\u0131n yeni mahsul\u00fc kar\u015f\u0131lamaya haz\u0131r oldu\u011funu belirtti"},"content":{"rendered":"<p>Tah\u0131l Kurumu M\u00fcd\u00fcr\u00fc tah\u0131l ambarlar\u0131n\u0131n yeni mahsul\u00fc kar\u015f\u0131lamaya haz\u0131r oldu\u011funu belirtti<\/p>\n<p>https:\/\/youtu.be\/Ab6oZ10o4SA<\/p>\n<p>R.H.<\/p>\n","protected":false},"excerpt":{"rendered":"<p>Tah\u0131l Kurumu M\u00fcd\u00fcr\u00fc tah\u0131l ambarlar\u0131n\u0131n yeni mahsul\u00fc kar\u015f\u0131lamaya haz\u0131r oldu\u011funu belirtti https:\/\/youtu.be\/Ab6oZ10o4SA R.H.<\/p>\n","protected":false},"author":1,"featured_media":73442,"comment_status":"closed","ping_status":"closed","sticky":false,"template":"","format":"standard","meta":{"footnotes":""},"categories":[18295],"tags":[21235],"class_list":["post-73438","post","type-post","status-publish","format-standard","has-post-thumbnail","","category-sana-video","tag-tahil-kurumu-muduru-tahil-ambarlarinin-yeni-mahsulu-karsilamaya-hazir-oldugunu-belirtti"],"_links":{"self":[{"href":"https:\/\/archive.sana.sy\/tr\/index.php?rest_route=\/wp\/v2\/posts\/73438","targetHints":{"allow":["GET"]}}],"collection":[{"href":"https:\/\/archive.sana.sy\/tr\/index.php?rest_route=\/wp\/v2\/posts"}],"about":[{"href":"https:\/\/archive.sana.sy\/tr\/index.php?rest_route=\/wp\/v2\/types\/post"}],"author":[{"embeddable":true,"href":"https:\/\/archive.sana.sy\/tr\/index.php?rest_route=\/wp\/v2\/users\/1"}],"replies":[{"embeddable":true,"href":"https:\/\/archive.sana.sy\/tr\/index.php?rest_route=%2Fwp%2Fv2%2Fcomments&post=73438"}],"version-history":[{"count":0,"href":"https:\/\/archive.sana.sy\/tr\/index.php?rest_route=\/wp\/v2\/posts\/73438\/revisions"}],"wp:featuredmedia":[{"embeddable":true,"href":"https:\/\/archive.sana.sy\/tr\/index.php?rest_route=\/wp\/v2\/media\/73442"}],"wp:attachment":[{"href":"https:\/\/archive.sana.sy\/tr\/index.php?rest_route=%2Fwp%2Fv2%2Fmedia&parent=73438"}],"wp:term":[{"taxonomy":"category","embeddable":true,"href":"https:\/\/archive.sana.sy\/tr\/index.php?rest_route=%2Fwp%2Fv2%2Fcategories&post=73438"},{"taxonomy":"post_tag","embeddable":true,"href":"https:\/\/archive.sana.sy\/tr\/index.php?rest_route=%2Fwp%2Fv2%2Ftags&post=73438"}],"curies":[{"name":"wp","href":"https:\/\/api.w.org\/{rel}","templated":true}]}}