{"id":73453,"date":"2016-05-18T08:00:10","date_gmt":"2016-05-18T05:00:10","guid":{"rendered":"http:\/\/sana.sy\/tr\/?p=73453"},"modified":"2016-05-19T13:35:56","modified_gmt":"2016-05-19T10:35:56","slug":"rakka-kenti-ve-samin-meydan-semtinde-sosyal-faaliyetler-halep-ve-zara-ahalileriyle-dayanisma-etkinlikleri-duzenledi","status":"publish","type":"post","link":"https:\/\/archive.sana.sy\/tr\/?p=73453","title":{"rendered":"Rakka Kenti ve \u015eam\u2019\u0131n Meydan Semtinde sosyal faaliyetler Halep ve Zara ahalileriyle dayan\u0131\u015fma etkinlikleri d\u00fczenledi"},"content":{"rendered":"<p>Rakka Kenti ve \u015eam\u2019\u0131n Meydan Semtinde sosyal faaliyetler Halep ve Zara ahalileriyle dayan\u0131\u015fma etkinlikleri d\u00fczenledi<\/p>\n<p>https:\/\/youtu.be\/yed9Dpj0i1U<\/p>\n<p>R.H.<\/p>\n","protected":false},"excerpt":{"rendered":"<p>Rakka Kenti ve \u015eam\u2019\u0131n Meydan Semtinde sosyal faaliyetler Halep ve Zara ahalileriyle dayan\u0131\u015fma etkinlikleri d\u00fczenledi https:\/\/youtu.be\/yed9Dpj0i1U R.H.<\/p>\n","protected":false},"author":1,"featured_media":73457,"comment_status":"closed","ping_status":"closed","sticky":false,"template":"","format":"standard","meta":{"footnotes":""},"categories":[18295],"tags":[21240],"class_list":["post-73453","post","type-post","status-publish","format-standard","has-post-thumbnail","","category-sana-video","tag-rakka-kenti-ve-samin-meydan-semtinde-sosyal-faaliyetler-halep-ve-zara-ahalileriyle-dayanisma-etkinlikleri-duzenledi"],"_links":{"self":[{"href":"https:\/\/archive.sana.sy\/tr\/index.php?rest_route=\/wp\/v2\/posts\/73453","targetHints":{"allow":["GET"]}}],"collection":[{"href":"https:\/\/archive.sana.sy\/tr\/index.php?rest_route=\/wp\/v2\/posts"}],"about":[{"href":"https:\/\/archive.sana.sy\/tr\/index.php?rest_route=\/wp\/v2\/types\/post"}],"author":[{"embeddable":true,"href":"https:\/\/archive.sana.sy\/tr\/index.php?rest_route=\/wp\/v2\/users\/1"}],"replies":[{"embeddable":true,"href":"https:\/\/archive.sana.sy\/tr\/index.php?rest_route=%2Fwp%2Fv2%2Fcomments&post=73453"}],"version-history":[{"count":0,"href":"https:\/\/archive.sana.sy\/tr\/index.php?rest_route=\/wp\/v2\/posts\/73453\/revisions"}],"wp:featuredmedia":[{"embeddable":true,"href":"https:\/\/archive.sana.sy\/tr\/index.php?rest_route=\/wp\/v2\/media\/73457"}],"wp:attachment":[{"href":"https:\/\/archive.sana.sy\/tr\/index.php?rest_route=%2Fwp%2Fv2%2Fmedia&parent=73453"}],"wp:term":[{"taxonomy":"category","embeddable":true,"href":"https:\/\/archive.sana.sy\/tr\/index.php?rest_route=%2Fwp%2Fv2%2Fcategories&post=73453"},{"taxonomy":"post_tag","embeddable":true,"href":"https:\/\/archive.sana.sy\/tr\/index.php?rest_route=%2Fwp%2Fv2%2Ftags&post=73453"}],"curies":[{"name":"wp","href":"https:\/\/api.w.org\/{rel}","templated":true}]}}