{"id":73480,"date":"2016-05-19T12:30:16","date_gmt":"2016-05-19T09:30:16","guid":{"rendered":"http:\/\/www.sana.sy\/tr\/?p=73480"},"modified":"2016-05-19T13:57:37","modified_gmt":"2016-05-19T10:57:37","slug":"mfeketo-kimi-devletlerin-teroristlere-destekleri-durdurmalari-gereginin-de-altini-cizerken-guney-afrikanin-maruz-kaldigi-teror-karsisinda-suriye-ve-halkindan-yana-tutumuna-vurgu-yapti","status":"publish","type":"post","link":"https:\/\/archive.sana.sy\/tr\/?p=73480","title":{"rendered":"Mfeketo kimi devletlerin ter\u00f6ristlere destekleri durdurmalar\u0131 gere\u011finin de alt\u0131n\u0131 \u00e7izerken G\u00fcney Afrika\u2019n\u0131n, maruz kald\u0131\u011f\u0131 ter\u00f6r kar\u015f\u0131s\u0131nda Suriye ve halk\u0131ndan yana tutumuna vurgu yapt\u0131"},"content":{"rendered":"<p>Mfeketo kimi devletlerin ter\u00f6ristlere destekleri durdurmalar\u0131 gere\u011finin de alt\u0131n\u0131 \u00e7izerken G\u00fcney Afrika\u2019n\u0131n, maruz kald\u0131\u011f\u0131 ter\u00f6r kar\u015f\u0131s\u0131nda Suriye ve halk\u0131ndan yana tutumuna vurgu yapt\u0131<\/p>\n","protected":false},"excerpt":{"rendered":"<p>Mfeketo kimi devletlerin ter\u00f6ristlere destekleri durdurmalar\u0131 gere\u011finin de alt\u0131n\u0131 \u00e7izerken G\u00fcney Afrika\u2019n\u0131n, maruz kald\u0131\u011f\u0131 ter\u00f6r kar\u015f\u0131s\u0131nda Suriye ve halk\u0131ndan yana tutumuna vurgu yapt\u0131<\/p>\n","protected":false},"author":1,"featured_media":0,"comment_status":"closed","ping_status":"closed","sticky":false,"template":"","format":"standard","meta":{"footnotes":""},"categories":[17991],"tags":[],"class_list":["post-73480","post","type-post","status-publish","format-standard","","category-son-dakika"],"_links":{"self":[{"href":"https:\/\/archive.sana.sy\/tr\/index.php?rest_route=\/wp\/v2\/posts\/73480","targetHints":{"allow":["GET"]}}],"collection":[{"href":"https:\/\/archive.sana.sy\/tr\/index.php?rest_route=\/wp\/v2\/posts"}],"about":[{"href":"https:\/\/archive.sana.sy\/tr\/index.php?rest_route=\/wp\/v2\/types\/post"}],"author":[{"embeddable":true,"href":"https:\/\/archive.sana.sy\/tr\/index.php?rest_route=\/wp\/v2\/users\/1"}],"replies":[{"embeddable":true,"href":"https:\/\/archive.sana.sy\/tr\/index.php?rest_route=%2Fwp%2Fv2%2Fcomments&post=73480"}],"version-history":[{"count":0,"href":"https:\/\/archive.sana.sy\/tr\/index.php?rest_route=\/wp\/v2\/posts\/73480\/revisions"}],"wp:attachment":[{"href":"https:\/\/archive.sana.sy\/tr\/index.php?rest_route=%2Fwp%2Fv2%2Fmedia&parent=73480"}],"wp:term":[{"taxonomy":"category","embeddable":true,"href":"https:\/\/archive.sana.sy\/tr\/index.php?rest_route=%2Fwp%2Fv2%2Fcategories&post=73480"},{"taxonomy":"post_tag","embeddable":true,"href":"https:\/\/archive.sana.sy\/tr\/index.php?rest_route=%2Fwp%2Fv2%2Ftags&post=73480"}],"curies":[{"name":"wp","href":"https:\/\/api.w.org\/{rel}","templated":true}]}}