{"id":73486,"date":"2016-05-19T12:40:34","date_gmt":"2016-05-19T09:40:34","guid":{"rendered":"http:\/\/www.sana.sy\/tr\/?p=73486"},"modified":"2016-05-19T13:59:06","modified_gmt":"2016-05-19T10:59:06","slug":"cumhurbaskani-el-esad-batili-devletlerin-muttefik-degil-kendilerine-tabi-olan-bagimsiz-bir-karar-ya-da-egemenligi-olmayan-tabi-devletler-istediklerine-vurgu-yapti","status":"publish","type":"post","link":"https:\/\/archive.sana.sy\/tr\/?p=73486","title":{"rendered":"Cumhurba\u015fkan\u0131 el Esad Bat\u0131l\u0131 devletlerin m\u00fcttefik de\u011fil, kendilerine tabi olan ba\u011f\u0131ms\u0131z bir karar ya da egemenli\u011fi olmayan tabi devletler istediklerine vurgu yapt\u0131"},"content":{"rendered":"<p>Cumhurba\u015fkan\u0131 el Esad Bat\u0131l\u0131 devletlerin m\u00fcttefik de\u011fil, kendilerine tabi olan ba\u011f\u0131ms\u0131z bir karar ya da egemenli\u011fi olmayan tabi devletler istediklerine vurgu yapt\u0131<\/p>\n","protected":false},"excerpt":{"rendered":"<p>Cumhurba\u015fkan\u0131 el Esad Bat\u0131l\u0131 devletlerin m\u00fcttefik de\u011fil, kendilerine tabi olan ba\u011f\u0131ms\u0131z bir karar ya da egemenli\u011fi olmayan tabi devletler istediklerine vurgu yapt\u0131<\/p>\n","protected":false},"author":1,"featured_media":0,"comment_status":"closed","ping_status":"closed","sticky":false,"template":"","format":"standard","meta":{"footnotes":""},"categories":[17991],"tags":[],"class_list":["post-73486","post","type-post","status-publish","format-standard","","category-son-dakika"],"_links":{"self":[{"href":"https:\/\/archive.sana.sy\/tr\/index.php?rest_route=\/wp\/v2\/posts\/73486","targetHints":{"allow":["GET"]}}],"collection":[{"href":"https:\/\/archive.sana.sy\/tr\/index.php?rest_route=\/wp\/v2\/posts"}],"about":[{"href":"https:\/\/archive.sana.sy\/tr\/index.php?rest_route=\/wp\/v2\/types\/post"}],"author":[{"embeddable":true,"href":"https:\/\/archive.sana.sy\/tr\/index.php?rest_route=\/wp\/v2\/users\/1"}],"replies":[{"embeddable":true,"href":"https:\/\/archive.sana.sy\/tr\/index.php?rest_route=%2Fwp%2Fv2%2Fcomments&post=73486"}],"version-history":[{"count":0,"href":"https:\/\/archive.sana.sy\/tr\/index.php?rest_route=\/wp\/v2\/posts\/73486\/revisions"}],"wp:attachment":[{"href":"https:\/\/archive.sana.sy\/tr\/index.php?rest_route=%2Fwp%2Fv2%2Fmedia&parent=73486"}],"wp:term":[{"taxonomy":"category","embeddable":true,"href":"https:\/\/archive.sana.sy\/tr\/index.php?rest_route=%2Fwp%2Fv2%2Fcategories&post=73486"},{"taxonomy":"post_tag","embeddable":true,"href":"https:\/\/archive.sana.sy\/tr\/index.php?rest_route=%2Fwp%2Fv2%2Ftags&post=73486"}],"curies":[{"name":"wp","href":"https:\/\/api.w.org\/{rel}","templated":true}]}}