{"id":73487,"date":"2016-05-19T12:45:49","date_gmt":"2016-05-19T09:45:49","guid":{"rendered":"http:\/\/www.sana.sy\/tr\/?p=73487"},"modified":"2016-05-19T13:59:38","modified_gmt":"2016-05-19T10:59:38","slug":"aralarinda-guney-afrikanin-bulundugu-brics-grubu-devletlerinin-uluslar-arasi-iliskilerde-bir-nevi-dengenin-kurulmasinda-oynadiklari-rolun-onemine-dikkat-ceken-el-esad-ayni-zamanda-egemen-ve","status":"publish","type":"post","link":"https:\/\/archive.sana.sy\/tr\/?p=73487","title":{"rendered":"Aralar\u0131nda G\u00fcney Afrika\u2019n\u0131n bulundu\u011fu BRICS Grubu devletlerinin uluslar aras\u0131 ili\u015fkilerde bir nevi dengenin kurulmas\u0131nda oynad\u0131klar\u0131 rol\u00fcn \u00f6nemine dikkat \u00e7eken el Esad; ayn\u0131 zamanda egemen ve ba\u011f\u0131ms\u0131z devletlerin i\u00e7i\u015flerine m\u00fcdahale ve egemenliklerinin ihlal edilmesine s\u0131n\u0131r koymada da \u00f6nemli bir rol oynad\u0131klar\u0131n\u0131 belirtti"},"content":{"rendered":"<p>Aralar\u0131nda G\u00fcney Afrika\u2019n\u0131n bulundu\u011fu BRICS Grubu devletlerinin uluslar aras\u0131 ili\u015fkilerde bir nevi dengenin kurulmas\u0131nda oynad\u0131klar\u0131 rol\u00fcn \u00f6nemine dikkat \u00e7eken el Esad; ayn\u0131 zamanda egemen ve ba\u011f\u0131ms\u0131z devletlerin i\u00e7i\u015flerine m\u00fcdahale ve egemenliklerinin ihlal edilmesine s\u0131n\u0131r koymada da \u00f6nemli bir rol oynad\u0131klar\u0131n\u0131 belirtti<\/p>\n","protected":false},"excerpt":{"rendered":"<p>Aralar\u0131nda G\u00fcney Afrika\u2019n\u0131n bulundu\u011fu BRICS Grubu devletlerinin uluslar aras\u0131 ili\u015fkilerde bir nevi dengenin kurulmas\u0131nda oynad\u0131klar\u0131 rol\u00fcn \u00f6nemine dikkat \u00e7eken el Esad; ayn\u0131 zamanda egemen ve ba\u011f\u0131ms\u0131z devletlerin i\u00e7i\u015flerine m\u00fcdahale ve egemenliklerinin ihlal edilmesine s\u0131n\u0131r koymada da \u00f6nemli bir rol oynad\u0131klar\u0131n\u0131 belirtti<\/p>\n","protected":false},"author":1,"featured_media":0,"comment_status":"closed","ping_status":"closed","sticky":false,"template":"","format":"standard","meta":{"footnotes":""},"categories":[17991],"tags":[],"class_list":["post-73487","post","type-post","status-publish","format-standard","","category-son-dakika"],"_links":{"self":[{"href":"https:\/\/archive.sana.sy\/tr\/index.php?rest_route=\/wp\/v2\/posts\/73487","targetHints":{"allow":["GET"]}}],"collection":[{"href":"https:\/\/archive.sana.sy\/tr\/index.php?rest_route=\/wp\/v2\/posts"}],"about":[{"href":"https:\/\/archive.sana.sy\/tr\/index.php?rest_route=\/wp\/v2\/types\/post"}],"author":[{"embeddable":true,"href":"https:\/\/archive.sana.sy\/tr\/index.php?rest_route=\/wp\/v2\/users\/1"}],"replies":[{"embeddable":true,"href":"https:\/\/archive.sana.sy\/tr\/index.php?rest_route=%2Fwp%2Fv2%2Fcomments&post=73487"}],"version-history":[{"count":0,"href":"https:\/\/archive.sana.sy\/tr\/index.php?rest_route=\/wp\/v2\/posts\/73487\/revisions"}],"wp:attachment":[{"href":"https:\/\/archive.sana.sy\/tr\/index.php?rest_route=%2Fwp%2Fv2%2Fmedia&parent=73487"}],"wp:term":[{"taxonomy":"category","embeddable":true,"href":"https:\/\/archive.sana.sy\/tr\/index.php?rest_route=%2Fwp%2Fv2%2Fcategories&post=73487"},{"taxonomy":"post_tag","embeddable":true,"href":"https:\/\/archive.sana.sy\/tr\/index.php?rest_route=%2Fwp%2Fv2%2Ftags&post=73487"}],"curies":[{"name":"wp","href":"https:\/\/api.w.org\/{rel}","templated":true}]}}