{"id":73494,"date":"2016-05-19T12:00:30","date_gmt":"2016-05-19T09:00:30","guid":{"rendered":"http:\/\/www.sana.sy\/tr\/?p=73494"},"modified":"2016-05-20T15:27:43","modified_gmt":"2016-05-20T12:27:43","slug":"terore-dis-destegin-kesilmesi-geregine-vurgu-yapildi","status":"publish","type":"post","link":"https:\/\/archive.sana.sy\/tr\/?p=73494","title":{"rendered":"Ter\u00f6re D\u0131\u015f Deste\u011fin Kesilmesi Gere\u011fine Vurgu Yap\u0131ld\u0131"},"content":{"rendered":"<p>MOSKOVA \u2013 Rusya D\u0131\u015fi\u015fleri Bakanl\u0131\u011f\u0131 yay\u0131nlad\u0131\u011f\u0131 resmi beyanda D\u0131\u015fi\u015fleri Bakan\u0131 Sergey Lavrov ve ABD\u2019li mevkida\u015f\u0131 John Kerry\u2019nin bug\u00fcn aralar\u0131nda ger\u00e7ekle\u015fen telefon g\u00f6r\u00fc\u015fmesinde Suriye&#8217;de \u00e7at\u0131\u015fmalar\u0131 durdurma anla\u015fmas\u0131n\u0131 peki\u015ftirme, ter\u00f6rle m\u00fccadele ve krize siyasi \u00e7\u00f6z\u00fcm sa\u011flama meselelerine odakland\u0131klar\u0131n\u0131 ilan etti.<\/p>\n<p>Lavrov ve Kerry\u2019nin 17 May\u0131s tarihinde Viyana\u2019da bulunduklar\u0131 temaslarda ele ald\u0131klar\u0131 meselelerin devam\u0131n\u0131 g\u00f6r\u00fc\u015ft\u00fcklerini ifade edilen beyanda; iki taraf\u0131n Suriye&#8217;de \u00e7at\u0131\u015fmalar\u0131 durdurma anla\u015fmas\u0131n\u0131 onaylayan ve onaylamayan silahl\u0131 gruplar\u0131n daha etkin bir \u015fekilde birbirlerinden ayr\u0131lmalar\u0131 konusunda Rus ve Amerikan askerlerin aralar\u0131ndaki koordinasyon mekanizmalar\u0131yla \u00e7abalar\u0131n\u0131 yo\u011funla\u015ft\u0131rmalar\u0131 \u00f6nemine anla\u015ft\u0131klar\u0131 kaydedildi. Beyanda iki bakan\u0131n ayr\u0131ca Suriye&#8217;de ter\u00f6re sa\u011flanan d\u0131\u015f destek ve finans\u0131n kesilmesi y\u00f6n\u00fcnde ciddi ve etkin ad\u0131mlar at\u0131lmas\u0131 gere\u011fine de vurgu yap\u0131ld\u0131\u011f\u0131 kaydedildi.<\/p>\n","protected":false},"excerpt":{"rendered":"<p>MOSKOVA \u2013 Rusya D\u0131\u015fi\u015fleri Bakanl\u0131\u011f\u0131 yay\u0131nlad\u0131\u011f\u0131 resmi beyanda D\u0131\u015fi\u015fleri Bakan\u0131 Sergey Lavrov ve ABD\u2019li mevkida\u015f\u0131 John Kerry\u2019nin bug\u00fcn aralar\u0131nda ger\u00e7ekle\u015fen telefon g\u00f6r\u00fc\u015fmesinde Suriye&#8217;de \u00e7at\u0131\u015fmalar\u0131 durdurma anla\u015fmas\u0131n\u0131 peki\u015ftirme, ter\u00f6rle m\u00fccadele ve krize siyasi \u00e7\u00f6z\u00fcm sa\u011flama meselelerine odakland\u0131klar\u0131n\u0131 ilan etti. Lavrov ve Kerry\u2019nin 17 May\u0131s tarihinde Viyana\u2019da bulunduklar\u0131 temaslarda ele ald\u0131klar\u0131 meselelerin devam\u0131n\u0131 g\u00f6r\u00fc\u015ft\u00fcklerini ifade edilen beyanda; &hellip;<\/p>\n","protected":false},"author":1,"featured_media":49639,"comment_status":"closed","ping_status":"closed","sticky":false,"template":"","format":"standard","meta":{"footnotes":""},"categories":[458,459,17988],"tags":[19665,17025,19484,3846,19132,20821,21247],"class_list":["post-73494","post","type-post","status-publish","format-standard","has-post-thumbnail","","category-dunya1","category-haberler-arap-uluslararasi-politika","category-son-haberler","tag-abd-disisleri-bakani","tag-john-kerry","tag-rusya-disisleri-bakani","tag-sergey-lavrov","tag-suriyedeki-kriz","tag-telefon-gorusmesi","tag-terore-dis-destegin-kesilmesi-geregine-vurgu-yapildi"],"_links":{"self":[{"href":"https:\/\/archive.sana.sy\/tr\/index.php?rest_route=\/wp\/v2\/posts\/73494","targetHints":{"allow":["GET"]}}],"collection":[{"href":"https:\/\/archive.sana.sy\/tr\/index.php?rest_route=\/wp\/v2\/posts"}],"about":[{"href":"https:\/\/archive.sana.sy\/tr\/index.php?rest_route=\/wp\/v2\/types\/post"}],"author":[{"embeddable":true,"href":"https:\/\/archive.sana.sy\/tr\/index.php?rest_route=\/wp\/v2\/users\/1"}],"replies":[{"embeddable":true,"href":"https:\/\/archive.sana.sy\/tr\/index.php?rest_route=%2Fwp%2Fv2%2Fcomments&post=73494"}],"version-history":[{"count":0,"href":"https:\/\/archive.sana.sy\/tr\/index.php?rest_route=\/wp\/v2\/posts\/73494\/revisions"}],"wp:featuredmedia":[{"embeddable":true,"href":"https:\/\/archive.sana.sy\/tr\/index.php?rest_route=\/wp\/v2\/media\/49639"}],"wp:attachment":[{"href":"https:\/\/archive.sana.sy\/tr\/index.php?rest_route=%2Fwp%2Fv2%2Fmedia&parent=73494"}],"wp:term":[{"taxonomy":"category","embeddable":true,"href":"https:\/\/archive.sana.sy\/tr\/index.php?rest_route=%2Fwp%2Fv2%2Fcategories&post=73494"},{"taxonomy":"post_tag","embeddable":true,"href":"https:\/\/archive.sana.sy\/tr\/index.php?rest_route=%2Fwp%2Fv2%2Ftags&post=73494"}],"curies":[{"name":"wp","href":"https:\/\/api.w.org\/{rel}","templated":true}]}}