{"id":73497,"date":"2016-05-19T13:02:32","date_gmt":"2016-05-19T10:02:32","guid":{"rendered":"http:\/\/www.sana.sy\/tr\/?p=73497"},"modified":"2016-05-19T14:28:55","modified_gmt":"2016-05-19T11:28:55","slug":"rusya-disisleri-bakanligi-yayinladigi-resmi-beyanda-disisleri-bakani-sergey-lavrov-ve-abdli-mevkidasi-john-kerrynin-bugun-aralarinda-gerceklesen-telefon-gorusmesinde-suriyede-cati","status":"publish","type":"post","link":"https:\/\/archive.sana.sy\/tr\/?p=73497","title":{"rendered":"Rusya D\u0131\u015fi\u015fleri Bakanl\u0131\u011f\u0131 yay\u0131nlad\u0131\u011f\u0131 resmi beyanda D\u0131\u015fi\u015fleri Bakan\u0131 Sergey Lavrov  ve ABD\u2019li mevkida\u015f\u0131 John Kerry\u2019nin bug\u00fcn aralar\u0131nda ger\u00e7ekle\u015fen telefon g\u00f6r\u00fc\u015fmesinde Suriye&#8217;de \u00e7at\u0131\u015fmalar\u0131 durdurma anla\u015fmas\u0131n\u0131 peki\u015ftirme, ter\u00f6rle m\u00fccadele ve krize siyasi \u00e7\u00f6z\u00fcm sa\u011flama meselelerine odakland\u0131klar\u0131n\u0131 ilan etti"},"content":{"rendered":"<p>Rusya D\u0131\u015fi\u015fleri Bakanl\u0131\u011f\u0131 yay\u0131nlad\u0131\u011f\u0131 resmi beyanda D\u0131\u015fi\u015fleri Bakan\u0131 Sergey Lavrov \u00a0ve ABD\u2019li mevkida\u015f\u0131 John Kerry\u2019nin bug\u00fcn aralar\u0131nda ger\u00e7ekle\u015fen telefon g\u00f6r\u00fc\u015fmesinde Suriye&#8217;de \u00e7at\u0131\u015fmalar\u0131 durdurma anla\u015fmas\u0131n\u0131 peki\u015ftirme, ter\u00f6rle m\u00fccadele ve krize siyasi \u00e7\u00f6z\u00fcm sa\u011flama meselelerine odakland\u0131klar\u0131n\u0131 ilan etti<\/p>\n","protected":false},"excerpt":{"rendered":"<p>Rusya D\u0131\u015fi\u015fleri Bakanl\u0131\u011f\u0131 yay\u0131nlad\u0131\u011f\u0131 resmi beyanda D\u0131\u015fi\u015fleri Bakan\u0131 Sergey Lavrov \u00a0ve ABD\u2019li mevkida\u015f\u0131 John Kerry\u2019nin bug\u00fcn aralar\u0131nda ger\u00e7ekle\u015fen telefon g\u00f6r\u00fc\u015fmesinde Suriye&#8217;de \u00e7at\u0131\u015fmalar\u0131 durdurma anla\u015fmas\u0131n\u0131 peki\u015ftirme, ter\u00f6rle m\u00fccadele ve krize siyasi \u00e7\u00f6z\u00fcm sa\u011flama meselelerine odakland\u0131klar\u0131n\u0131 ilan etti<\/p>\n","protected":false},"author":1,"featured_media":0,"comment_status":"closed","ping_status":"closed","sticky":false,"template":"","format":"standard","meta":{"footnotes":""},"categories":[17991],"tags":[],"class_list":["post-73497","post","type-post","status-publish","format-standard","","category-son-dakika"],"_links":{"self":[{"href":"https:\/\/archive.sana.sy\/tr\/index.php?rest_route=\/wp\/v2\/posts\/73497","targetHints":{"allow":["GET"]}}],"collection":[{"href":"https:\/\/archive.sana.sy\/tr\/index.php?rest_route=\/wp\/v2\/posts"}],"about":[{"href":"https:\/\/archive.sana.sy\/tr\/index.php?rest_route=\/wp\/v2\/types\/post"}],"author":[{"embeddable":true,"href":"https:\/\/archive.sana.sy\/tr\/index.php?rest_route=\/wp\/v2\/users\/1"}],"replies":[{"embeddable":true,"href":"https:\/\/archive.sana.sy\/tr\/index.php?rest_route=%2Fwp%2Fv2%2Fcomments&post=73497"}],"version-history":[{"count":0,"href":"https:\/\/archive.sana.sy\/tr\/index.php?rest_route=\/wp\/v2\/posts\/73497\/revisions"}],"wp:attachment":[{"href":"https:\/\/archive.sana.sy\/tr\/index.php?rest_route=%2Fwp%2Fv2%2Fmedia&parent=73497"}],"wp:term":[{"taxonomy":"category","embeddable":true,"href":"https:\/\/archive.sana.sy\/tr\/index.php?rest_route=%2Fwp%2Fv2%2Fcategories&post=73497"},{"taxonomy":"post_tag","embeddable":true,"href":"https:\/\/archive.sana.sy\/tr\/index.php?rest_route=%2Fwp%2Fv2%2Ftags&post=73497"}],"curies":[{"name":"wp","href":"https:\/\/api.w.org\/{rel}","templated":true}]}}