{"id":73534,"date":"2016-05-19T12:45:29","date_gmt":"2016-05-19T09:45:29","guid":{"rendered":"http:\/\/sana.sy\/tr\/?p=73534"},"modified":"2016-05-20T15:27:24","modified_gmt":"2016-05-20T12:27:24","slug":"isidten-kurtarilan-doktorlar-onurlandirildi","status":"publish","type":"post","link":"https:\/\/archive.sana.sy\/tr\/?p=73534","title":{"rendered":"I\u015e\u0130D\u2019ten Kurtar\u0131lan Doktorlar Onurland\u0131r\u0131ld\u0131"},"content":{"rendered":"<p>DEYREZZOR \u2013 Tabipler Birli\u011fi Deyrezzor \u0130l \u015eubesi bug\u00fcn; I\u015e\u0130D\u2019li tekfircilerin ge\u00e7en Cumartesi g\u00fcn\u00fc Deyrezzor\u2019da Kentinde Esad Hastanesine sald\u0131rd\u0131klar\u0131 ve rehine ald\u0131klar\u0131 hastane doktorlar\u0131na onur t\u00f6reni d\u00fczenledi.<\/p>\n<p>Ordu birliklerimizin derhal harekete ge\u00e7irip I\u015e\u0130D\u2019li tekfircileri etkisiz hale getirmeleri ard\u0131ndan kurtard\u0131\u011f\u0131 doktorlar Raad Farac, Muhammed Abd\u00fclkadir, Macide el Hannan, Mahmut Nueymi ve Muhammed Hney\u015f Deyrezzor \u0130l Sa\u011fl\u0131k M\u00fcd\u00fcrl\u00fc\u011f\u00fcnde d\u00fczenlenen onur t\u00f6reninde kendilerini ter\u00f6rden kurtaran ordu birliklerimize \u015f\u00fckranlar\u0131n\u0131 ifade etti.<\/p>\n<p>Doktorlar ordu birliklerimizin vatan ve vatanda\u015flar\u0131 savunmak i\u00e7in e\u015fsiz bir duyarl\u0131l\u0131k ve sorumlulukla g\u00f6revlerini s\u00fcrd\u00fcrd\u00fckleri bir zamanda kendilerinin de hastanedeki g\u00f6revlerine d\u00f6nme \u0131srar\u0131nda olduklar\u0131n\u0131 belirtti. Her vatanda\u015f\u0131n bulundu\u011fu konumdan vatan\u0131 savunmaya katk\u0131 sa\u011flayabilece\u011fini vurgulayan doktorlar, Suriye ve halk\u0131n\u0131n kimi devletlerin destek ve talimatlar\u0131yla evrensel bir ter\u00f6r sald\u0131r\u0131s\u0131na maruz kald\u0131\u011f\u0131n\u0131n art\u0131k herkes taraf\u0131ndan bilindi\u011fini ifade etti.<\/p>\n","protected":false},"excerpt":{"rendered":"<p>DEYREZZOR \u2013 Tabipler Birli\u011fi Deyrezzor \u0130l \u015eubesi bug\u00fcn; I\u015e\u0130D\u2019li tekfircilerin ge\u00e7en Cumartesi g\u00fcn\u00fc Deyrezzor\u2019da Kentinde Esad Hastanesine sald\u0131rd\u0131klar\u0131 ve rehine ald\u0131klar\u0131 hastane doktorlar\u0131na onur t\u00f6reni d\u00fczenledi. Ordu birliklerimizin derhal harekete ge\u00e7irip I\u015e\u0130D\u2019li tekfircileri etkisiz hale getirmeleri ard\u0131ndan kurtard\u0131\u011f\u0131 doktorlar Raad Farac, Muhammed Abd\u00fclkadir, Macide el Hannan, Mahmut Nueymi ve Muhammed Hney\u015f Deyrezzor \u0130l Sa\u011fl\u0131k M\u00fcd\u00fcrl\u00fc\u011f\u00fcnde &hellip;<\/p>\n","protected":false},"author":1,"featured_media":73535,"comment_status":"closed","ping_status":"closed","sticky":false,"template":"","format":"standard","meta":{"footnotes":""},"categories":[479,17988,478],"tags":[21260,21259,19643],"class_list":["post-73534","post","type-post","status-publish","format-standard","has-post-thumbnail","","category-haberler-yerel","category-son-haberler","category-yerel","tag-esad-hastanesine-saldiri","tag-isidten-kurtarilan-doktorlar-onurlandirildi","tag-tabipler-birligi"],"_links":{"self":[{"href":"https:\/\/archive.sana.sy\/tr\/index.php?rest_route=\/wp\/v2\/posts\/73534","targetHints":{"allow":["GET"]}}],"collection":[{"href":"https:\/\/archive.sana.sy\/tr\/index.php?rest_route=\/wp\/v2\/posts"}],"about":[{"href":"https:\/\/archive.sana.sy\/tr\/index.php?rest_route=\/wp\/v2\/types\/post"}],"author":[{"embeddable":true,"href":"https:\/\/archive.sana.sy\/tr\/index.php?rest_route=\/wp\/v2\/users\/1"}],"replies":[{"embeddable":true,"href":"https:\/\/archive.sana.sy\/tr\/index.php?rest_route=%2Fwp%2Fv2%2Fcomments&post=73534"}],"version-history":[{"count":0,"href":"https:\/\/archive.sana.sy\/tr\/index.php?rest_route=\/wp\/v2\/posts\/73534\/revisions"}],"wp:featuredmedia":[{"embeddable":true,"href":"https:\/\/archive.sana.sy\/tr\/index.php?rest_route=\/wp\/v2\/media\/73535"}],"wp:attachment":[{"href":"https:\/\/archive.sana.sy\/tr\/index.php?rest_route=%2Fwp%2Fv2%2Fmedia&parent=73534"}],"wp:term":[{"taxonomy":"category","embeddable":true,"href":"https:\/\/archive.sana.sy\/tr\/index.php?rest_route=%2Fwp%2Fv2%2Fcategories&post=73534"},{"taxonomy":"post_tag","embeddable":true,"href":"https:\/\/archive.sana.sy\/tr\/index.php?rest_route=%2Fwp%2Fv2%2Ftags&post=73534"}],"curies":[{"name":"wp","href":"https:\/\/api.w.org\/{rel}","templated":true}]}}