{"id":73552,"date":"2016-05-19T20:21:09","date_gmt":"2016-05-19T17:21:09","guid":{"rendered":"http:\/\/www.sana.sy\/tr\/?p=73552"},"modified":"2016-05-20T15:25:41","modified_gmt":"2016-05-20T12:25:41","slug":"teror-destekcileri-beyrutta-kurulan-mahkemede-yargilaniyor","status":"publish","type":"post","link":"https:\/\/archive.sana.sy\/tr\/?p=73552","title":{"rendered":"Ter\u00f6r Destek\u00e7ileri Beyrut\u2019ta Kurulan Mahkemede Yarg\u0131lan\u0131yor"},"content":{"rendered":"<p>BEYRUT \u2013 L\u00fcbnan\u2019da Ara\u015ft\u0131rma ve Belgeleme \u0130sti\u015fare Merkezi \u201cUluslararas\u0131 \u2013Ortado\u011fu Vicdan Ceza Mahkemesi\u201d ad\u0131 alt\u0131nda temsili bir mahkeme d\u00fczenledi. Mahkemenin birinci g\u00fcn oturumu ba\u015fta Suudi Arabistan, Katar ve T\u00fcrkiye rejimleri olmak \u00fczere tekfirci ter\u00f6r gruplar\u0131n\u0131 destekleyenlerin yarg\u0131lanmas\u0131na odakland\u0131.<\/p>\n<p><a href=\"http:\/\/www.sana.sy\/tr\/wp-content\/uploads\/2016\/05\/L\u00fcbnan-1.jpg\"><img loading=\"lazy\" decoding=\"async\" class=\"alignright wp-image-73555 \" src=\"http:\/\/www.sana.sy\/tr\/wp-content\/uploads\/2016\/05\/L\u00fcbnan-1-300x182.jpg\" alt=\"L\u00fcbnan 1\" width=\"224\" height=\"136\" srcset=\"https:\/\/archive.sana.sy\/tr\/wp-content\/uploads\/2016\/05\/L\u00fcbnan-1-300x182.jpg 300w, https:\/\/archive.sana.sy\/tr\/wp-content\/uploads\/2016\/05\/L\u00fcbnan-1-150x91.jpg 150w, https:\/\/archive.sana.sy\/tr\/wp-content\/uploads\/2016\/05\/L\u00fcbnan-1.jpg 558w\" sizes=\"auto, (max-width: 224px) 100vw, 224px\" \/><\/a>Suriye Barosu Temsilcisi Avukat \u015eakir Abazid SANA\u2019n\u0131n Beyrut muhabirine yapt\u0131\u011f\u0131 a\u00e7\u0131klamada, Suriye heyetinin mahkemeye Suriye&#8217;deki ter\u00f6r ma\u011fdurlar\u0131, hay\u0131r cemiyetleri ve insani yard\u0131m kurumlar\u0131n\u0131 temsilen, silahl\u0131 ter\u00f6r gruplar\u0131n\u0131n i\u015fledikleri ve i\u015flemeye devam ettikleri su\u00e7lardan dolay\u0131 Suriye halk\u0131n\u0131n \u00e7ekti\u011fi s\u0131k\u0131nt\u0131 ve ac\u0131lar\u0131 dile getirmek amac\u0131yla kat\u0131ld\u0131\u011f\u0131n\u0131 ifade etti.<\/p>\n<p>Arap ve uluslararas\u0131 d\u00fczeyde \u00f6nemli \u015fahsiyetlerin kat\u0131l\u0131m\u0131yla a\u00e7\u0131l\u0131\u015f\u0131n\u0131 yapan birinci <a href=\"http:\/\/www.sana.sy\/tr\/wp-content\/uploads\/2016\/05\/L\u00fcbnan-2.jpg\"><img loading=\"lazy\" decoding=\"async\" class=\"alignright wp-image-73557 \" src=\"http:\/\/www.sana.sy\/tr\/wp-content\/uploads\/2016\/05\/L\u00fcbnan-2-300x146.jpg\" alt=\"L\u00fcbnan 2\" width=\"224\" height=\"109\" srcset=\"https:\/\/archive.sana.sy\/tr\/wp-content\/uploads\/2016\/05\/L\u00fcbnan-2-300x146.jpg 300w, https:\/\/archive.sana.sy\/tr\/wp-content\/uploads\/2016\/05\/L\u00fcbnan-2-150x73.jpg 150w, https:\/\/archive.sana.sy\/tr\/wp-content\/uploads\/2016\/05\/L\u00fcbnan-2.jpg 558w\" sizes=\"auto, (max-width: 224px) 100vw, 224px\" \/><\/a>oturumda Suudi Arabistan, Katar ve T\u00fcrkiye rejimleri gibi ter\u00f6re destek sa\u011flayan rejimlerin i\u015fledikleri uluslararas\u0131 su\u00e7lara ve uluslararas\u0131 kanunlar kapsam\u0131nda bu su\u00e7lara tekab\u00fcl eden cezalara ili\u015fkin ayr\u0131nt\u0131l\u0131 bilgilendirme yap\u0131ld\u0131.<\/p>\n<p>Oturum bitiminde yap\u0131lan a\u00e7\u0131klamada mahkemenin yerel ve uluslararas\u0131 d\u00fczeyde yo\u011fun bir ilgiyle kar\u015f\u0131lanmas\u0131n\u0131n verilmek istenen mesaj\u0131n b\u00fct\u00fcn d\u00fcnyaya ula\u015ft\u0131\u011f\u0131 anlam\u0131na geldi\u011fi ifade edildi.<\/p>\n","protected":false},"excerpt":{"rendered":"<p>BEYRUT \u2013 L\u00fcbnan\u2019da Ara\u015ft\u0131rma ve Belgeleme \u0130sti\u015fare Merkezi \u201cUluslararas\u0131 \u2013Ortado\u011fu Vicdan Ceza Mahkemesi\u201d ad\u0131 alt\u0131nda temsili bir mahkeme d\u00fczenledi. Mahkemenin birinci g\u00fcn oturumu ba\u015fta Suudi Arabistan, Katar ve T\u00fcrkiye rejimleri olmak \u00fczere tekfirci ter\u00f6r gruplar\u0131n\u0131 destekleyenlerin yarg\u0131lanmas\u0131na odakland\u0131. Suriye Barosu Temsilcisi Avukat \u015eakir Abazid SANA\u2019n\u0131n Beyrut muhabirine yapt\u0131\u011f\u0131 a\u00e7\u0131klamada, Suriye heyetinin mahkemeye Suriye&#8217;deki ter\u00f6r ma\u011fdurlar\u0131, &hellip;<\/p>\n","protected":false},"author":1,"featured_media":73553,"comment_status":"closed","ping_status":"closed","sticky":false,"template":"","format":"standard","meta":{"footnotes":""},"categories":[458,459,17988],"tags":[],"class_list":["post-73552","post","type-post","status-publish","format-standard","has-post-thumbnail","","category-dunya1","category-haberler-arap-uluslararasi-politika","category-son-haberler"],"_links":{"self":[{"href":"https:\/\/archive.sana.sy\/tr\/index.php?rest_route=\/wp\/v2\/posts\/73552","targetHints":{"allow":["GET"]}}],"collection":[{"href":"https:\/\/archive.sana.sy\/tr\/index.php?rest_route=\/wp\/v2\/posts"}],"about":[{"href":"https:\/\/archive.sana.sy\/tr\/index.php?rest_route=\/wp\/v2\/types\/post"}],"author":[{"embeddable":true,"href":"https:\/\/archive.sana.sy\/tr\/index.php?rest_route=\/wp\/v2\/users\/1"}],"replies":[{"embeddable":true,"href":"https:\/\/archive.sana.sy\/tr\/index.php?rest_route=%2Fwp%2Fv2%2Fcomments&post=73552"}],"version-history":[{"count":0,"href":"https:\/\/archive.sana.sy\/tr\/index.php?rest_route=\/wp\/v2\/posts\/73552\/revisions"}],"wp:featuredmedia":[{"embeddable":true,"href":"https:\/\/archive.sana.sy\/tr\/index.php?rest_route=\/wp\/v2\/media\/73553"}],"wp:attachment":[{"href":"https:\/\/archive.sana.sy\/tr\/index.php?rest_route=%2Fwp%2Fv2%2Fmedia&parent=73552"}],"wp:term":[{"taxonomy":"category","embeddable":true,"href":"https:\/\/archive.sana.sy\/tr\/index.php?rest_route=%2Fwp%2Fv2%2Fcategories&post=73552"},{"taxonomy":"post_tag","embeddable":true,"href":"https:\/\/archive.sana.sy\/tr\/index.php?rest_route=%2Fwp%2Fv2%2Ftags&post=73552"}],"curies":[{"name":"wp","href":"https:\/\/api.w.org\/{rel}","templated":true}]}}