{"id":73593,"date":"2016-05-20T18:45:34","date_gmt":"2016-05-20T15:45:34","guid":{"rendered":"http:\/\/www.sana.sy\/tr\/?p=73593"},"modified":"2016-05-21T16:12:35","modified_gmt":"2016-05-21T13:12:35","slug":"terore-karsi-mucadele-taviz-vermeden-surduruluyor-3","status":"publish","type":"post","link":"https:\/\/archive.sana.sy\/tr\/?p=73593","title":{"rendered":"Ter\u00f6re Kar\u015f\u0131 M\u00fccadele Taviz Vermeden S\u00fcrd\u00fcr\u00fcl\u00fcyor"},"content":{"rendered":"<p>\u0130LLER \u2013 Kahraman ordu birliklerimiz silahl\u0131 ter\u00f6r gruplara kar\u015f\u0131 operasyonlar\u0131n\u0131 taviz vermeden s\u00fcrd\u00fcr\u00fcrken bug\u00fcn de onlarca ter\u00f6r yuvas\u0131n\u0131 i\u00e7indeki silah, m\u00fchimmat ve ter\u00f6ristlerle birlikte imha etti.<\/p>\n<p><span style=\"color: #0000ff\">DEYREZZOR:<\/span><\/p>\n<p>SANA\u2019ya a\u00e7\u0131klama yapan askeri bir kaynak; hava g\u00fc\u00e7lerimizin Deyrezzor k\u0131rsal\u0131 Mureyiye K\u00f6y\u00fcn\u00fcn g\u00fcneyinde I\u015e\u0130D\u2019in toplanma yerleri ve mevkilerine y\u00f6nelik hava operasyonlar\u0131 ger\u00e7ekle\u015ftirdiklerini ifade etti. Kaynak; operasyonlarda onlarca ter\u00f6ristin \u00f6l\u00fc ve yaral\u0131 d\u00fc\u015f\u00fcr\u00fcl\u00fcp z\u0131rhl\u0131 ara\u00e7lar\u0131n\u0131n da y\u00fckleriyle birlikte tamamen imha edildi\u011fine dikkat \u00e7ekti.<\/p>\n<p>Kaynak; Deyrezzor Kentinin g\u00fcney bat\u0131s\u0131 Panorama Bulvar\u0131 civar\u0131nda da tekfircilere ait toplanma merkezlerinin yan\u0131 s\u0131ra bir k\u0131sm\u0131 a\u011f\u0131r makineli silahla donat\u0131lm\u0131\u015f ara\u00e7lar\u0131n\u0131 yo\u011fun ate\u015fe tutan hava g\u00fc\u00e7lerimizin; ter\u00f6ristlerin saflar\u0131nda a\u011f\u0131r kay\u0131plara yol a\u00e7t\u0131klar\u0131n\u0131 aktard\u0131.<\/p>\n<p><span style=\"color: #0000ff\">HOMS:<\/span><\/p>\n<p>\u00d6te yandan hava g\u00fc\u00e7lerimiz Homs k\u0131rsal\u0131n\u0131n do\u011fusu \u015eair ve Cezl petrol sahalar\u0131 civarlar\u0131nda I\u015e\u0130D\u2019in siper ve hareket eksenlerini hedef almalar\u0131yla bir k\u0131sm\u0131 ter\u00f6rist ve cephane ta\u015f\u0131yan, bir k\u0131sm\u0131 da muhtelif t\u00fcr makineli silahla donat\u0131lm\u0131\u015f ara\u00e7lar\u0131n\u0131 imha etti.<\/p>\n<p>Bilinece\u011fi \u00fczere I\u015e\u0130D ter\u00f6r \u00f6rg\u00fct\u00fc \u015eair ve Cezl petrol sahalar\u0131ndaki petrol\u00fc gasp ederek T\u00fcrkiye topraklar\u0131 \u00fczerinden Erdo\u011fan rejiminin yard\u0131m\u0131yla ticaretini yap\u0131yor. I\u015e\u0130D ter\u00f6r \u00f6rg\u00fct\u00fcn\u00fcn petrol ticaretiyle ilgili haz\u0131rlanan \u00e7ok say\u0131da rapor Erdo\u011fan ailesinden bir\u00e7ok ki\u015finin bu gayr\u0131 me\u015fru ticarete kar\u0131\u015ft\u0131\u011f\u0131n\u0131 ortaya koymu\u015ftu.<\/p>\n<p>Konuyla ilgili a\u00e7\u0131klama yapan askeri bir kaynak, kahraman ordu birliklerimizin Homs K\u0131rs\u0131n\u0131n g\u00fcneydo\u011fu kesiminde d\u00fczenledi\u011fi profesyonel bir operasyonla el Hadrayat Tepelerinde Bat\u0131 Kasr el Hacar \u2013 el Baride y\u00f6n\u00fcnde bulunan silahl\u0131 ter\u00f6r gruplar\u0131na kar\u015f\u0131 b\u00fcy\u00fck bir \u00fcst\u00fcnl\u00fck sa\u011flayarak kontrol ve h\u00e2kimiyeti ele ge\u00e7irdiklerini ifade etti.<\/p>\n<p>Operasyonda silahl\u0131 ter\u00f6r gruplar\u0131na b\u00fcy\u00fck be\u015feri ve lojistik kay\u0131plar verdirildi\u011fine dikkat \u00e7eken kaynak; kontrol ve hakimiyet alt\u0131na al\u0131nan b\u00f6lgelerde tekfirci- silahl\u0131 ter\u00f6r gruplar\u0131 taraf\u0131ndan tuzaklanm\u0131\u015f b\u00fct\u00fcn patlay\u0131c\u0131 d\u00fczenekleri ve may\u0131nlar\u0131n etkisiz hale getirildi\u011fini belirtti.<\/p>\n<p><span style=\"color: #0000ff\">HAMA:<\/span><\/p>\n<p>Bu arada askeri kaynak Hama Kentinin yakla\u015f\u0131k 90 km kuzeyine d\u00fc\u015fen Hurbet el Nakus B\u00f6lgesinde ter\u00f6ristlerle y\u00fckl\u00fc bir arac\u0131 ate\u015fe tutan top\u00e7u birliklerimizin; ara\u00e7 ve i\u00e7inde bulunan 10 ter\u00f6risti tamamen etkisiz hale getirdiklerini belirtti.<\/p>\n<p>Aaha kaynaklar\u0131 ise SANA\u2019ya a\u00e7\u0131klamalar\u0131nda; ordu birliklerimizin Hama \u0130line tabi Selemiye k\u0131rsal\u0131n\u0131n bat\u0131s\u0131 Aydun K\u00f6y\u00fc \u00e7evresinde \u2018\u0130slami Cephe\u2019ye tabi ter\u00f6ristlerin hareketlenmelerini hedef alarak en az 6 ter\u00f6risti \u00f6ld\u00fcr\u00fcp bir arac\u0131 y\u00fck\u00fcyle birlikte yok ettiklerini s\u00f6yledi.<\/p>\n<p>Hama K\u0131rsal\u0131 Akreb Beldesinde de ordu birliklerimizin Halk Savunma G\u00fc\u00e7leriyle i\u015fbirli\u011fi i\u00e7inde ter\u00f6r \u00f6rg\u00fctlere ait yuva ve k\u00fcmelenme yerlerini imha ettiklerini aktaran kaynak; tekfircileri say\u0131 ve te\u00e7hizatlar\u0131yla birlikte b\u00fcy\u00fck kay\u0131plara u\u011fratt\u0131klar\u0131n\u0131 s\u00f6zlerine ekledi.<\/p>\n<p><span style=\"color: #0000ff\">S\u00dcVEYDA:<\/span><\/p>\n<p>Ak\u015fam saatlerinde a\u00e7\u0131klama yapan bir kaynak; ordu birliklerimizin Lucat B\u00f6lgesinin kenarlar\u0131ndan S\u00fcveyda k\u0131rsal\u0131n\u0131n bat\u0131s\u0131 Urayfe K\u00f6y\u00fcn\u00fcn kuzeyine s\u0131zan I\u015e\u0130D\u2019li bir ter\u00f6r grubunun t\u00fcm \u00fcyelerini \u00f6ld\u00fcrd\u00fcklerini beyan etti.<\/p>\n<p>Kaynak; S\u00fcveyda k\u0131rsal\u0131n\u0131n kuzeydo\u011fusu Tel E\u015fiheb B\u00f6lgesinin g\u00fcneybat\u0131s\u0131nda I\u015e\u0130D\u2019e tabi bir ter\u00f6r grubunun s\u0131zma eksenini yo\u011fun ate\u015fe tutan ordu birliklerimizin; ter\u00f6r grubunun t\u00fcm \u00fcyelerini \u00f6l\u00fc ve yaral\u0131 d\u00fc\u015f\u00fcr\u00fcp havzalar\u0131nda bulunan silah ve m\u00fchimmatlar\u0131n\u0131 da imha ettiklerini belirtti.<\/p>\n","protected":false},"excerpt":{"rendered":"<p>\u0130LLER \u2013 Kahraman ordu birliklerimiz silahl\u0131 ter\u00f6r gruplara kar\u015f\u0131 operasyonlar\u0131n\u0131 taviz vermeden s\u00fcrd\u00fcr\u00fcrken bug\u00fcn de onlarca ter\u00f6r yuvas\u0131n\u0131 i\u00e7indeki silah, m\u00fchimmat ve ter\u00f6ristlerle birlikte imha etti. DEYREZZOR: SANA\u2019ya a\u00e7\u0131klama yapan askeri bir kaynak; hava g\u00fc\u00e7lerimizin Deyrezzor k\u0131rsal\u0131 Mureyiye K\u00f6y\u00fcn\u00fcn g\u00fcneyinde I\u015e\u0130D\u2019in toplanma yerleri ve mevkilerine y\u00f6nelik hava operasyonlar\u0131 ger\u00e7ekle\u015ftirdiklerini ifade etti. Kaynak; operasyonlarda onlarca ter\u00f6ristin &hellip;<\/p>\n","protected":false},"author":1,"featured_media":73594,"comment_status":"closed","ping_status":"closed","sticky":false,"template":"","format":"standard","meta":{"footnotes":""},"categories":[575,17988],"tags":[],"class_list":["post-73593","post","type-post","status-publish","format-standard","has-post-thumbnail","","category-olaylar-ve-gercekler","category-son-haberler"],"_links":{"self":[{"href":"https:\/\/archive.sana.sy\/tr\/index.php?rest_route=\/wp\/v2\/posts\/73593","targetHints":{"allow":["GET"]}}],"collection":[{"href":"https:\/\/archive.sana.sy\/tr\/index.php?rest_route=\/wp\/v2\/posts"}],"about":[{"href":"https:\/\/archive.sana.sy\/tr\/index.php?rest_route=\/wp\/v2\/types\/post"}],"author":[{"embeddable":true,"href":"https:\/\/archive.sana.sy\/tr\/index.php?rest_route=\/wp\/v2\/users\/1"}],"replies":[{"embeddable":true,"href":"https:\/\/archive.sana.sy\/tr\/index.php?rest_route=%2Fwp%2Fv2%2Fcomments&post=73593"}],"version-history":[{"count":0,"href":"https:\/\/archive.sana.sy\/tr\/index.php?rest_route=\/wp\/v2\/posts\/73593\/revisions"}],"wp:featuredmedia":[{"embeddable":true,"href":"https:\/\/archive.sana.sy\/tr\/index.php?rest_route=\/wp\/v2\/media\/73594"}],"wp:attachment":[{"href":"https:\/\/archive.sana.sy\/tr\/index.php?rest_route=%2Fwp%2Fv2%2Fmedia&parent=73593"}],"wp:term":[{"taxonomy":"category","embeddable":true,"href":"https:\/\/archive.sana.sy\/tr\/index.php?rest_route=%2Fwp%2Fv2%2Fcategories&post=73593"},{"taxonomy":"post_tag","embeddable":true,"href":"https:\/\/archive.sana.sy\/tr\/index.php?rest_route=%2Fwp%2Fv2%2Ftags&post=73593"}],"curies":[{"name":"wp","href":"https:\/\/api.w.org\/{rel}","templated":true}]}}