{"id":73627,"date":"2016-05-20T19:06:54","date_gmt":"2016-05-20T16:06:54","guid":{"rendered":"http:\/\/sana.sy\/tr\/?p=73627"},"modified":"2016-05-20T19:01:23","modified_gmt":"2016-05-20T16:01:23","slug":"nasrullah-suriyenin-bu-denli-hircin-bir-evrensel-savasla-hedef-alinmasinin-nedeninin-abd-tabiligi-olmamasiyla-birlikte-filistin-davasi-ve-direnisi-destekleyen-egemen-bir-devlet-olmasi-oldugunun-alt","status":"publish","type":"post","link":"https:\/\/archive.sana.sy\/tr\/?p=73627","title":{"rendered":"Nasrullah Suriye&#8217;nin bu denli h\u0131r\u00e7\u0131n bir evrensel sava\u015fla hedef al\u0131nmas\u0131n\u0131n nedeninin, ABD tabili\u011fi olmamas\u0131yla birlikte Filistin davas\u0131 ve direni\u015fi destekleyen egemen bir devlet olmas\u0131 oldu\u011funun alt\u0131n\u0131 \u00e7izdi"},"content":{"rendered":"<p>Nasrullah Suriye&#8217;nin bu denli h\u0131r\u00e7\u0131n bir evrensel sava\u015fla hedef al\u0131nmas\u0131n\u0131n nedeninin, ABD tabili\u011fi olmamas\u0131yla birlikte Filistin davas\u0131 ve direni\u015fi destekleyen egemen bir devlet olmas\u0131 oldu\u011funun alt\u0131n\u0131 \u00e7izdi<\/p>\n","protected":false},"excerpt":{"rendered":"<p>Nasrullah Suriye&#8217;nin bu denli h\u0131r\u00e7\u0131n bir evrensel sava\u015fla hedef al\u0131nmas\u0131n\u0131n nedeninin, ABD tabili\u011fi olmamas\u0131yla birlikte Filistin davas\u0131 ve direni\u015fi destekleyen egemen bir devlet olmas\u0131 oldu\u011funun alt\u0131n\u0131 \u00e7izdi<\/p>\n","protected":false},"author":1,"featured_media":0,"comment_status":"closed","ping_status":"closed","sticky":false,"template":"","format":"standard","meta":{"footnotes":""},"categories":[17991],"tags":[],"class_list":["post-73627","post","type-post","status-publish","format-standard","","category-son-dakika"],"_links":{"self":[{"href":"https:\/\/archive.sana.sy\/tr\/index.php?rest_route=\/wp\/v2\/posts\/73627","targetHints":{"allow":["GET"]}}],"collection":[{"href":"https:\/\/archive.sana.sy\/tr\/index.php?rest_route=\/wp\/v2\/posts"}],"about":[{"href":"https:\/\/archive.sana.sy\/tr\/index.php?rest_route=\/wp\/v2\/types\/post"}],"author":[{"embeddable":true,"href":"https:\/\/archive.sana.sy\/tr\/index.php?rest_route=\/wp\/v2\/users\/1"}],"replies":[{"embeddable":true,"href":"https:\/\/archive.sana.sy\/tr\/index.php?rest_route=%2Fwp%2Fv2%2Fcomments&post=73627"}],"version-history":[{"count":0,"href":"https:\/\/archive.sana.sy\/tr\/index.php?rest_route=\/wp\/v2\/posts\/73627\/revisions"}],"wp:attachment":[{"href":"https:\/\/archive.sana.sy\/tr\/index.php?rest_route=%2Fwp%2Fv2%2Fmedia&parent=73627"}],"wp:term":[{"taxonomy":"category","embeddable":true,"href":"https:\/\/archive.sana.sy\/tr\/index.php?rest_route=%2Fwp%2Fv2%2Fcategories&post=73627"},{"taxonomy":"post_tag","embeddable":true,"href":"https:\/\/archive.sana.sy\/tr\/index.php?rest_route=%2Fwp%2Fv2%2Ftags&post=73627"}],"curies":[{"name":"wp","href":"https:\/\/api.w.org\/{rel}","templated":true}]}}