{"id":73629,"date":"2016-05-20T19:11:46","date_gmt":"2016-05-20T16:11:46","guid":{"rendered":"http:\/\/sana.sy\/tr\/?p=73629"},"modified":"2016-05-20T19:03:37","modified_gmt":"2016-05-20T16:03:37","slug":"nasrullah-suudi-arabistanin-suriyeye-dunyanin-her-yerinden-terorist-orgutleyip-gondermesinin-yaninda-silahlandirip-finanse-ettiklerine-dikkat-cekerken-bu-tekfirci-ve-kiralik-cetelerini-de","status":"publish","type":"post","link":"https:\/\/archive.sana.sy\/tr\/?p=73629","title":{"rendered":"Nasrullah Suudi Arabistan\u2019\u0131n Suriye&#8217;ye d\u00fcnyan\u0131n her yerinden ter\u00f6rist \u00f6rg\u00fctleyip g\u00f6ndermesinin yan\u0131nda silahland\u0131r\u0131p finanse ettiklerine dikkat \u00e7ekerken, bu tekfirci ve kiral\u0131k \u00e7etelerini de \u00dcrd\u00fcn\u2019\u00fcn ba\u015fkenti Amman\u2019da bulunan operasyon odas\u0131 \u00fczerinden y\u00f6nlendirdi\u011fini de ifade etti"},"content":{"rendered":"<p>Nasrullah Suudi Arabistan\u2019\u0131n Suriye&#8217;ye d\u00fcnyan\u0131n her yerinden ter\u00f6rist \u00f6rg\u00fctleyip g\u00f6ndermesinin yan\u0131nda silahland\u0131r\u0131p finanse ettiklerine dikkat \u00e7ekerken, bu tekfirci ve kiral\u0131k \u00e7etelerini de \u00dcrd\u00fcn\u2019\u00fcn ba\u015fkenti Amman\u2019da bulunan operasyon odas\u0131 \u00fczerinden y\u00f6nlendirdi\u011fini de ifade etti<\/p>\n","protected":false},"excerpt":{"rendered":"<p>Nasrullah Suudi Arabistan\u2019\u0131n Suriye&#8217;ye d\u00fcnyan\u0131n her yerinden ter\u00f6rist \u00f6rg\u00fctleyip g\u00f6ndermesinin yan\u0131nda silahland\u0131r\u0131p finanse ettiklerine dikkat \u00e7ekerken, bu tekfirci ve kiral\u0131k \u00e7etelerini de \u00dcrd\u00fcn\u2019\u00fcn ba\u015fkenti Amman\u2019da bulunan operasyon odas\u0131 \u00fczerinden y\u00f6nlendirdi\u011fini de ifade etti<\/p>\n","protected":false},"author":1,"featured_media":0,"comment_status":"closed","ping_status":"closed","sticky":false,"template":"","format":"standard","meta":{"footnotes":""},"categories":[17991],"tags":[],"class_list":["post-73629","post","type-post","status-publish","format-standard","","category-son-dakika"],"_links":{"self":[{"href":"https:\/\/archive.sana.sy\/tr\/index.php?rest_route=\/wp\/v2\/posts\/73629","targetHints":{"allow":["GET"]}}],"collection":[{"href":"https:\/\/archive.sana.sy\/tr\/index.php?rest_route=\/wp\/v2\/posts"}],"about":[{"href":"https:\/\/archive.sana.sy\/tr\/index.php?rest_route=\/wp\/v2\/types\/post"}],"author":[{"embeddable":true,"href":"https:\/\/archive.sana.sy\/tr\/index.php?rest_route=\/wp\/v2\/users\/1"}],"replies":[{"embeddable":true,"href":"https:\/\/archive.sana.sy\/tr\/index.php?rest_route=%2Fwp%2Fv2%2Fcomments&post=73629"}],"version-history":[{"count":0,"href":"https:\/\/archive.sana.sy\/tr\/index.php?rest_route=\/wp\/v2\/posts\/73629\/revisions"}],"wp:attachment":[{"href":"https:\/\/archive.sana.sy\/tr\/index.php?rest_route=%2Fwp%2Fv2%2Fmedia&parent=73629"}],"wp:term":[{"taxonomy":"category","embeddable":true,"href":"https:\/\/archive.sana.sy\/tr\/index.php?rest_route=%2Fwp%2Fv2%2Fcategories&post=73629"},{"taxonomy":"post_tag","embeddable":true,"href":"https:\/\/archive.sana.sy\/tr\/index.php?rest_route=%2Fwp%2Fv2%2Ftags&post=73629"}],"curies":[{"name":"wp","href":"https:\/\/api.w.org\/{rel}","templated":true}]}}