{"id":7363,"date":"2014-08-15T15:11:32","date_gmt":"2014-08-15T12:11:32","guid":{"rendered":"http:\/\/www.sana.sy\/tr\/?p=7363"},"modified":"2014-08-15T15:11:32","modified_gmt":"2014-08-15T12:11:32","slug":"patrik-yazici-allahtan-suriyeyi-halkini-ordusunu-ve-liderini-korumasini-diledi","status":"publish","type":"post","link":"https:\/\/archive.sana.sy\/tr\/?p=7363","title":{"rendered":"Patrik Yaz\u0131c\u0131: Allah\u2019tan Suriye&#8217;yi, Halk\u0131n\u0131, Ordusunu ve Liderini Korumas\u0131n\u0131 Diledi"},"content":{"rendered":"<p>HOMS \u2013 Antakya ve T\u00fcm Do\u011fu Rum Ortodokslar Patri\u011fi X. Yuhanna Yaz\u0131c\u0131 Suriye&#8217;nin, halk\u0131n\u0131n ordusunun ve liderinin korunmas\u0131yla birlikte her kar\u0131\u015f topra\u011f\u0131nda g\u00fcvenlik ve istikrar\u0131n sa\u011flanmas\u0131 temennilerinde bulundu.<\/p>\n<p>Hz. Meryem Anan\u0131n Uyumas\u0131 G\u00fcn\u00fc m\u00fcnasebetiyle bug\u00fcn Homs iline tabi el Nazara Vadisindeki Hva\u015f K\u00f6y\u00fcn\u00fcn Peygamber \u0130lya Kilisesinde d\u00fczenlenen ayinde Patrik Yaz\u0131c\u0131 uygarl\u0131k, bilim ve nur diyarlar\u0131 bu topraklar\u0131n sahipleri M\u00fcsl\u00fcman ve H\u0131ristiyanlar olarak y\u00fcce Allah\u2019tan Suriye&#8217;yi, halk\u0131n\u0131, ordusunu ve liderini korumas\u0131n\u0131 temenni ettiklerini ifade etti. Y\u00fcce Allah\u2019a bar\u0131\u015f ve hak yolunda y\u00fcr\u00fcmede do\u011fru yolu g\u00f6stermesi dualar\u0131 eden Patrik Yaz\u0131c\u0131; Allah\u2019tan rahmet ve nurunu esirgememesini diledi.<\/p>\n","protected":false},"excerpt":{"rendered":"<p>HOMS \u2013 Antakya ve T\u00fcm Do\u011fu Rum Ortodokslar Patri\u011fi X. Yuhanna Yaz\u0131c\u0131 Suriye&#8217;nin, halk\u0131n\u0131n ordusunun ve liderinin korunmas\u0131yla birlikte her kar\u0131\u015f topra\u011f\u0131nda g\u00fcvenlik ve istikrar\u0131n sa\u011flanmas\u0131 temennilerinde bulundu. Hz. Meryem Anan\u0131n Uyumas\u0131 G\u00fcn\u00fc m\u00fcnasebetiyle bug\u00fcn Homs iline tabi el Nazara Vadisindeki Hva\u015f K\u00f6y\u00fcn\u00fcn Peygamber \u0130lya Kilisesinde d\u00fczenlenen ayinde Patrik Yaz\u0131c\u0131 uygarl\u0131k, bilim ve nur diyarlar\u0131 &hellip;<\/p>\n","protected":false},"author":1,"featured_media":7364,"comment_status":"closed","ping_status":"closed","sticky":false,"template":"","format":"standard","meta":{"footnotes":""},"categories":[479,478],"tags":[1647,1648,1646],"class_list":["post-7363","post","type-post","status-publish","format-standard","has-post-thumbnail","","category-haberler-yerel","category-yerel","tag-halkini","tag-ordusunu-ve-liderini-korumasini-diledi","tag-patrik-yazici-allahtan-suriyeyi"],"_links":{"self":[{"href":"https:\/\/archive.sana.sy\/tr\/index.php?rest_route=\/wp\/v2\/posts\/7363","targetHints":{"allow":["GET"]}}],"collection":[{"href":"https:\/\/archive.sana.sy\/tr\/index.php?rest_route=\/wp\/v2\/posts"}],"about":[{"href":"https:\/\/archive.sana.sy\/tr\/index.php?rest_route=\/wp\/v2\/types\/post"}],"author":[{"embeddable":true,"href":"https:\/\/archive.sana.sy\/tr\/index.php?rest_route=\/wp\/v2\/users\/1"}],"replies":[{"embeddable":true,"href":"https:\/\/archive.sana.sy\/tr\/index.php?rest_route=%2Fwp%2Fv2%2Fcomments&post=7363"}],"version-history":[{"count":0,"href":"https:\/\/archive.sana.sy\/tr\/index.php?rest_route=\/wp\/v2\/posts\/7363\/revisions"}],"wp:featuredmedia":[{"embeddable":true,"href":"https:\/\/archive.sana.sy\/tr\/index.php?rest_route=\/wp\/v2\/media\/7364"}],"wp:attachment":[{"href":"https:\/\/archive.sana.sy\/tr\/index.php?rest_route=%2Fwp%2Fv2%2Fmedia&parent=7363"}],"wp:term":[{"taxonomy":"category","embeddable":true,"href":"https:\/\/archive.sana.sy\/tr\/index.php?rest_route=%2Fwp%2Fv2%2Fcategories&post=7363"},{"taxonomy":"post_tag","embeddable":true,"href":"https:\/\/archive.sana.sy\/tr\/index.php?rest_route=%2Fwp%2Fv2%2Ftags&post=7363"}],"curies":[{"name":"wp","href":"https:\/\/api.w.org\/{rel}","templated":true}]}}