{"id":73632,"date":"2016-05-20T19:16:26","date_gmt":"2016-05-20T16:16:26","guid":{"rendered":"http:\/\/sana.sy\/tr\/?p=73632"},"modified":"2016-05-20T19:08:29","modified_gmt":"2016-05-20T16:08:29","slug":"direnis-guclerinin-suriyeye-lubnani-filistini-suriyeyi-ve-tum-bolge-halklarini-savunmaya-gittiklerini-belirten-nasrullah-direnisin-bundan-boyle-suriyede-daha-yogun-ve-daha-g","status":"publish","type":"post","link":"https:\/\/archive.sana.sy\/tr\/?p=73632","title":{"rendered":"Direni\u015f g\u00fc\u00e7lerinin Suriye&#8217;ye L\u00fcbnan\u2019\u0131, Filistin\u2019i, Suriye&#8217;yi ve t\u00fcm b\u00f6lge halklar\u0131n\u0131 savunmaya gittiklerini belirten Nasrullah; direni\u015fin bundan b\u00f6yle Suriye&#8217;de daha yo\u011fun ve daha g\u00fc\u00e7l\u00fc bir \u015fekilde bulunaca\u011f\u0131n\u0131n alt\u0131n\u0131 \u00e7izdi."},"content":{"rendered":"<p>Direni\u015f g\u00fc\u00e7lerinin Suriye&#8217;ye L\u00fcbnan\u2019\u0131, Filistin\u2019i, Suriye&#8217;yi ve t\u00fcm b\u00f6lge halklar\u0131n\u0131 savunmaya gittiklerini belirten Nasrullah; direni\u015fin bundan b\u00f6yle Suriye&#8217;de daha yo\u011fun ve daha g\u00fc\u00e7l\u00fc bir \u015fekilde bulunaca\u011f\u0131n\u0131n alt\u0131n\u0131 \u00e7izdi.<\/p>\n","protected":false},"excerpt":{"rendered":"<p>Direni\u015f g\u00fc\u00e7lerinin Suriye&#8217;ye L\u00fcbnan\u2019\u0131, Filistin\u2019i, Suriye&#8217;yi ve t\u00fcm b\u00f6lge halklar\u0131n\u0131 savunmaya gittiklerini belirten Nasrullah; direni\u015fin bundan b\u00f6yle Suriye&#8217;de daha yo\u011fun ve daha g\u00fc\u00e7l\u00fc bir \u015fekilde bulunaca\u011f\u0131n\u0131n alt\u0131n\u0131 \u00e7izdi.<\/p>\n","protected":false},"author":1,"featured_media":0,"comment_status":"closed","ping_status":"closed","sticky":false,"template":"","format":"standard","meta":{"footnotes":""},"categories":[17991],"tags":[],"class_list":["post-73632","post","type-post","status-publish","format-standard","","category-son-dakika"],"_links":{"self":[{"href":"https:\/\/archive.sana.sy\/tr\/index.php?rest_route=\/wp\/v2\/posts\/73632","targetHints":{"allow":["GET"]}}],"collection":[{"href":"https:\/\/archive.sana.sy\/tr\/index.php?rest_route=\/wp\/v2\/posts"}],"about":[{"href":"https:\/\/archive.sana.sy\/tr\/index.php?rest_route=\/wp\/v2\/types\/post"}],"author":[{"embeddable":true,"href":"https:\/\/archive.sana.sy\/tr\/index.php?rest_route=\/wp\/v2\/users\/1"}],"replies":[{"embeddable":true,"href":"https:\/\/archive.sana.sy\/tr\/index.php?rest_route=%2Fwp%2Fv2%2Fcomments&post=73632"}],"version-history":[{"count":0,"href":"https:\/\/archive.sana.sy\/tr\/index.php?rest_route=\/wp\/v2\/posts\/73632\/revisions"}],"wp:attachment":[{"href":"https:\/\/archive.sana.sy\/tr\/index.php?rest_route=%2Fwp%2Fv2%2Fmedia&parent=73632"}],"wp:term":[{"taxonomy":"category","embeddable":true,"href":"https:\/\/archive.sana.sy\/tr\/index.php?rest_route=%2Fwp%2Fv2%2Fcategories&post=73632"},{"taxonomy":"post_tag","embeddable":true,"href":"https:\/\/archive.sana.sy\/tr\/index.php?rest_route=%2Fwp%2Fv2%2Ftags&post=73632"}],"curies":[{"name":"wp","href":"https:\/\/api.w.org\/{rel}","templated":true}]}}