{"id":73638,"date":"2016-05-20T19:31:04","date_gmt":"2016-05-20T16:31:04","guid":{"rendered":"http:\/\/sana.sy\/tr\/?p=73638"},"modified":"2016-05-20T19:12:40","modified_gmt":"2016-05-20T16:12:40","slug":"sehit-kanlarinin-direnisi-suriyede-daha-yogun-ve-guclu-bir-sekilde-bulunmasina-tesvik-ettigini-belirten-nasrullah-zaferin-yakin-olduguna-abd-ve-israilin-yani-sira-tekfircilik-planlarinin-suriye","status":"publish","type":"post","link":"https:\/\/archive.sana.sy\/tr\/?p=73638","title":{"rendered":"\u015eehit kanlar\u0131n\u0131n direni\u015fi Suriye&#8217;de daha yo\u011fun ve g\u00fc\u00e7l\u00fc bir \u015fekilde bulunmas\u0131na te\u015fvik etti\u011fini belirten Nasrullah; zaferin yak\u0131n oldu\u011funa, ABD ve \u0130srail&#8217;in yan\u0131 s\u0131ra tekfircilik planlar\u0131n\u0131n Suriye ve t\u00fcm b\u00f6lgede kesinlikle \u00e7\u00f6kertilece\u011finin alt\u0131n\u0131 \u00e7izdi."},"content":{"rendered":"<p>\u015eehit kanlar\u0131n\u0131n direni\u015fi Suriye&#8217;de daha yo\u011fun ve g\u00fc\u00e7l\u00fc bir \u015fekilde bulunmas\u0131na te\u015fvik etti\u011fini belirten Nasrullah; zaferin yak\u0131n oldu\u011funa, ABD ve \u0130srail&#8217;in yan\u0131 s\u0131ra tekfircilik planlar\u0131n\u0131n Suriye ve t\u00fcm b\u00f6lgede kesinlikle \u00e7\u00f6kertilece\u011finin alt\u0131n\u0131 \u00e7izdi.<\/p>\n","protected":false},"excerpt":{"rendered":"<p>\u015eehit kanlar\u0131n\u0131n direni\u015fi Suriye&#8217;de daha yo\u011fun ve g\u00fc\u00e7l\u00fc bir \u015fekilde bulunmas\u0131na te\u015fvik etti\u011fini belirten Nasrullah; zaferin yak\u0131n oldu\u011funa, ABD ve \u0130srail&#8217;in yan\u0131 s\u0131ra tekfircilik planlar\u0131n\u0131n Suriye ve t\u00fcm b\u00f6lgede kesinlikle \u00e7\u00f6kertilece\u011finin alt\u0131n\u0131 \u00e7izdi.<\/p>\n","protected":false},"author":1,"featured_media":0,"comment_status":"closed","ping_status":"closed","sticky":false,"template":"","format":"standard","meta":{"footnotes":""},"categories":[17991],"tags":[],"class_list":["post-73638","post","type-post","status-publish","format-standard","","category-son-dakika"],"_links":{"self":[{"href":"https:\/\/archive.sana.sy\/tr\/index.php?rest_route=\/wp\/v2\/posts\/73638","targetHints":{"allow":["GET"]}}],"collection":[{"href":"https:\/\/archive.sana.sy\/tr\/index.php?rest_route=\/wp\/v2\/posts"}],"about":[{"href":"https:\/\/archive.sana.sy\/tr\/index.php?rest_route=\/wp\/v2\/types\/post"}],"author":[{"embeddable":true,"href":"https:\/\/archive.sana.sy\/tr\/index.php?rest_route=\/wp\/v2\/users\/1"}],"replies":[{"embeddable":true,"href":"https:\/\/archive.sana.sy\/tr\/index.php?rest_route=%2Fwp%2Fv2%2Fcomments&post=73638"}],"version-history":[{"count":0,"href":"https:\/\/archive.sana.sy\/tr\/index.php?rest_route=\/wp\/v2\/posts\/73638\/revisions"}],"wp:attachment":[{"href":"https:\/\/archive.sana.sy\/tr\/index.php?rest_route=%2Fwp%2Fv2%2Fmedia&parent=73638"}],"wp:term":[{"taxonomy":"category","embeddable":true,"href":"https:\/\/archive.sana.sy\/tr\/index.php?rest_route=%2Fwp%2Fv2%2Fcategories&post=73638"},{"taxonomy":"post_tag","embeddable":true,"href":"https:\/\/archive.sana.sy\/tr\/index.php?rest_route=%2Fwp%2Fv2%2Ftags&post=73638"}],"curies":[{"name":"wp","href":"https:\/\/api.w.org\/{rel}","templated":true}]}}