{"id":73644,"date":"2016-05-21T09:11:41","date_gmt":"2016-05-21T06:11:41","guid":{"rendered":"http:\/\/www.sana.sy\/tr\/?p=73644"},"modified":"2016-05-21T12:14:29","modified_gmt":"2016-05-21T09:14:29","slug":"kaynak-topcu-birliklerimiz-ve-hava-guclerimizin-katildiklari-siddetli-catismalarda-25-teroristin-olu-cok-sayida-teroristin-de-yarali-dusuruldugunu-aktarirken-agir-silahlarla-donatilmis-bircok-aracin","status":"publish","type":"post","link":"https:\/\/archive.sana.sy\/tr\/?p=73644","title":{"rendered":"Kaynak top\u00e7u birliklerimiz ve hava g\u00fc\u00e7lerimizin kat\u0131ld\u0131klar\u0131 \u015fiddetli \u00e7at\u0131\u015fmalarda 25 ter\u00f6ristin \u00f6l\u00fc, \u00e7ok say\u0131da ter\u00f6ristin de yaral\u0131 d\u00fc\u015f\u00fcr\u00fcld\u00fc\u011f\u00fcn\u00fc aktar\u0131rken, a\u011f\u0131r silahlarla donat\u0131lm\u0131\u015f bir\u00e7ok arac\u0131n da imha edildi\u011fini belirtti"},"content":{"rendered":"<p>Kaynak top\u00e7u birliklerimiz ve hava g\u00fc\u00e7lerimizin kat\u0131ld\u0131klar\u0131 \u015fiddetli \u00e7at\u0131\u015fmalarda 25 ter\u00f6ristin \u00f6l\u00fc, \u00e7ok say\u0131da ter\u00f6ristin de yaral\u0131 d\u00fc\u015f\u00fcr\u00fcld\u00fc\u011f\u00fcn\u00fc aktar\u0131rken, a\u011f\u0131r silahlarla donat\u0131lm\u0131\u015f bir\u00e7ok arac\u0131n da imha edildi\u011fini belirtti<\/p>\n","protected":false},"excerpt":{"rendered":"<p>Kaynak top\u00e7u birliklerimiz ve hava g\u00fc\u00e7lerimizin kat\u0131ld\u0131klar\u0131 \u015fiddetli \u00e7at\u0131\u015fmalarda 25 ter\u00f6ristin \u00f6l\u00fc, \u00e7ok say\u0131da ter\u00f6ristin de yaral\u0131 d\u00fc\u015f\u00fcr\u00fcld\u00fc\u011f\u00fcn\u00fc aktar\u0131rken, a\u011f\u0131r silahlarla donat\u0131lm\u0131\u015f bir\u00e7ok arac\u0131n da imha edildi\u011fini belirtti<\/p>\n","protected":false},"author":1,"featured_media":0,"comment_status":"closed","ping_status":"closed","sticky":false,"template":"","format":"standard","meta":{"footnotes":""},"categories":[17991],"tags":[],"class_list":["post-73644","post","type-post","status-publish","format-standard","","category-son-dakika"],"_links":{"self":[{"href":"https:\/\/archive.sana.sy\/tr\/index.php?rest_route=\/wp\/v2\/posts\/73644","targetHints":{"allow":["GET"]}}],"collection":[{"href":"https:\/\/archive.sana.sy\/tr\/index.php?rest_route=\/wp\/v2\/posts"}],"about":[{"href":"https:\/\/archive.sana.sy\/tr\/index.php?rest_route=\/wp\/v2\/types\/post"}],"author":[{"embeddable":true,"href":"https:\/\/archive.sana.sy\/tr\/index.php?rest_route=\/wp\/v2\/users\/1"}],"replies":[{"embeddable":true,"href":"https:\/\/archive.sana.sy\/tr\/index.php?rest_route=%2Fwp%2Fv2%2Fcomments&post=73644"}],"version-history":[{"count":0,"href":"https:\/\/archive.sana.sy\/tr\/index.php?rest_route=\/wp\/v2\/posts\/73644\/revisions"}],"wp:attachment":[{"href":"https:\/\/archive.sana.sy\/tr\/index.php?rest_route=%2Fwp%2Fv2%2Fmedia&parent=73644"}],"wp:term":[{"taxonomy":"category","embeddable":true,"href":"https:\/\/archive.sana.sy\/tr\/index.php?rest_route=%2Fwp%2Fv2%2Fcategories&post=73644"},{"taxonomy":"post_tag","embeddable":true,"href":"https:\/\/archive.sana.sy\/tr\/index.php?rest_route=%2Fwp%2Fv2%2Ftags&post=73644"}],"curies":[{"name":"wp","href":"https:\/\/api.w.org\/{rel}","templated":true}]}}