{"id":73651,"date":"2016-05-21T09:03:10","date_gmt":"2016-05-21T06:03:10","guid":{"rendered":"http:\/\/www.sana.sy\/tr\/?p=73651"},"modified":"2016-05-21T12:14:07","modified_gmt":"2016-05-21T09:14:07","slug":"sanaya-aciklama-yapan-askeri-bir-kaynak-ordu-birliklerimizin-hama-kirsalinin-kuzeyi-mean-tel-bzam-ekseninde-erdogan-ve-al-suud-rejimlerine-tabi-nusra-cephesi-ve-ahrar-el-sam-islami","status":"publish","type":"post","link":"https:\/\/archive.sana.sy\/tr\/?p=73651","title":{"rendered":"SANA\u2019ya a\u00e7\u0131klama yapan askeri bir kaynak ordu birliklerimizin Hama k\u0131rsal\u0131n\u0131n kuzeyi Mean \u2013 Tel Bzam ekseninde Erdo\u011fan ve Al Suud rejimlerine tabi Nusra Cephesi ve Ahrar el \u015eam \u0130slami hareketinden tekfirci ter\u00f6ristlerin sald\u0131r\u0131s\u0131n\u0131 ba\u015far\u0131yla \u00e7\u00f6kerttiklerini belirtti"},"content":{"rendered":"<p>SANA\u2019ya a\u00e7\u0131klama yapan askeri bir kaynak ordu birliklerimizin Hama k\u0131rsal\u0131n\u0131n kuzeyi Mean \u2013 Tel Bzam ekseninde Erdo\u011fan ve Al Suud rejimlerine tabi Nusra Cephesi ve Ahrar el \u015eam \u0130slami hareketinden tekfirci ter\u00f6ristlerin sald\u0131r\u0131s\u0131n\u0131 ba\u015far\u0131yla \u00e7\u00f6kerttiklerini belirtti<\/p>\n","protected":false},"excerpt":{"rendered":"<p>SANA\u2019ya a\u00e7\u0131klama yapan askeri bir kaynak ordu birliklerimizin Hama k\u0131rsal\u0131n\u0131n kuzeyi Mean \u2013 Tel Bzam ekseninde Erdo\u011fan ve Al Suud rejimlerine tabi Nusra Cephesi ve Ahrar el \u015eam \u0130slami hareketinden tekfirci ter\u00f6ristlerin sald\u0131r\u0131s\u0131n\u0131 ba\u015far\u0131yla \u00e7\u00f6kerttiklerini belirtti<\/p>\n","protected":false},"author":1,"featured_media":0,"comment_status":"closed","ping_status":"closed","sticky":false,"template":"","format":"standard","meta":{"footnotes":""},"categories":[17991],"tags":[],"class_list":["post-73651","post","type-post","status-publish","format-standard","","category-son-dakika"],"_links":{"self":[{"href":"https:\/\/archive.sana.sy\/tr\/index.php?rest_route=\/wp\/v2\/posts\/73651","targetHints":{"allow":["GET"]}}],"collection":[{"href":"https:\/\/archive.sana.sy\/tr\/index.php?rest_route=\/wp\/v2\/posts"}],"about":[{"href":"https:\/\/archive.sana.sy\/tr\/index.php?rest_route=\/wp\/v2\/types\/post"}],"author":[{"embeddable":true,"href":"https:\/\/archive.sana.sy\/tr\/index.php?rest_route=\/wp\/v2\/users\/1"}],"replies":[{"embeddable":true,"href":"https:\/\/archive.sana.sy\/tr\/index.php?rest_route=%2Fwp%2Fv2%2Fcomments&post=73651"}],"version-history":[{"count":0,"href":"https:\/\/archive.sana.sy\/tr\/index.php?rest_route=\/wp\/v2\/posts\/73651\/revisions"}],"wp:attachment":[{"href":"https:\/\/archive.sana.sy\/tr\/index.php?rest_route=%2Fwp%2Fv2%2Fmedia&parent=73651"}],"wp:term":[{"taxonomy":"category","embeddable":true,"href":"https:\/\/archive.sana.sy\/tr\/index.php?rest_route=%2Fwp%2Fv2%2Fcategories&post=73651"},{"taxonomy":"post_tag","embeddable":true,"href":"https:\/\/archive.sana.sy\/tr\/index.php?rest_route=%2Fwp%2Fv2%2Ftags&post=73651"}],"curies":[{"name":"wp","href":"https:\/\/api.w.org\/{rel}","templated":true}]}}