{"id":73653,"date":"2016-05-21T08:45:16","date_gmt":"2016-05-21T05:45:16","guid":{"rendered":"http:\/\/www.sana.sy\/tr\/?p=73653"},"modified":"2016-05-21T12:17:05","modified_gmt":"2016-05-21T09:17:05","slug":"askeri-kaynak-sanaya-aciklamasinda-hava-guclerimizin-homs-kirsalinin-dogusu-sair-petrol-sahasi-ve-um-el-tebabir-bolgesinde-iside-ait-karargahlar-ve-mevkileri-muhtevalariyla-imha-etti","status":"publish","type":"post","link":"https:\/\/archive.sana.sy\/tr\/?p=73653","title":{"rendered":"Askeri kaynak SANA\u2019ya a\u00e7\u0131klamas\u0131nda hava g\u00fc\u00e7lerimizin Homs k\u0131rsal\u0131n\u0131n do\u011fusu \u015eair Petrol Sahas\u0131 ve Um el Tebabir B\u00f6lgesinde I\u015e\u0130D\u2019e ait karargahlar ve mevkileri muhtevalar\u0131yla imha ettiklerini belirtti"},"content":{"rendered":"<p>Askeri kaynak SANA\u2019ya a\u00e7\u0131klamas\u0131nda hava g\u00fc\u00e7lerimizin Homs k\u0131rsal\u0131n\u0131n do\u011fusu \u015eair Petrol Sahas\u0131 ve Um el Tebabir B\u00f6lgesinde I\u015e\u0130D\u2019e ait karargahlar ve mevkileri muhtevalar\u0131yla imha ettiklerini belirtti<\/p>\n","protected":false},"excerpt":{"rendered":"<p>Askeri kaynak SANA\u2019ya a\u00e7\u0131klamas\u0131nda hava g\u00fc\u00e7lerimizin Homs k\u0131rsal\u0131n\u0131n do\u011fusu \u015eair Petrol Sahas\u0131 ve Um el Tebabir B\u00f6lgesinde I\u015e\u0130D\u2019e ait karargahlar ve mevkileri muhtevalar\u0131yla imha ettiklerini belirtti<\/p>\n","protected":false},"author":1,"featured_media":0,"comment_status":"closed","ping_status":"closed","sticky":false,"template":"","format":"standard","meta":{"footnotes":""},"categories":[17991],"tags":[],"class_list":["post-73653","post","type-post","status-publish","format-standard","","category-son-dakika"],"_links":{"self":[{"href":"https:\/\/archive.sana.sy\/tr\/index.php?rest_route=\/wp\/v2\/posts\/73653","targetHints":{"allow":["GET"]}}],"collection":[{"href":"https:\/\/archive.sana.sy\/tr\/index.php?rest_route=\/wp\/v2\/posts"}],"about":[{"href":"https:\/\/archive.sana.sy\/tr\/index.php?rest_route=\/wp\/v2\/types\/post"}],"author":[{"embeddable":true,"href":"https:\/\/archive.sana.sy\/tr\/index.php?rest_route=\/wp\/v2\/users\/1"}],"replies":[{"embeddable":true,"href":"https:\/\/archive.sana.sy\/tr\/index.php?rest_route=%2Fwp%2Fv2%2Fcomments&post=73653"}],"version-history":[{"count":0,"href":"https:\/\/archive.sana.sy\/tr\/index.php?rest_route=\/wp\/v2\/posts\/73653\/revisions"}],"wp:attachment":[{"href":"https:\/\/archive.sana.sy\/tr\/index.php?rest_route=%2Fwp%2Fv2%2Fmedia&parent=73653"}],"wp:term":[{"taxonomy":"category","embeddable":true,"href":"https:\/\/archive.sana.sy\/tr\/index.php?rest_route=%2Fwp%2Fv2%2Fcategories&post=73653"},{"taxonomy":"post_tag","embeddable":true,"href":"https:\/\/archive.sana.sy\/tr\/index.php?rest_route=%2Fwp%2Fv2%2Ftags&post=73653"}],"curies":[{"name":"wp","href":"https:\/\/api.w.org\/{rel}","templated":true}]}}