{"id":73655,"date":"2016-05-21T10:16:52","date_gmt":"2016-05-21T07:16:52","guid":{"rendered":"http:\/\/www.sana.sy\/tr\/?p=73655"},"modified":"2016-05-21T12:23:08","modified_gmt":"2016-05-21T09:23:08","slug":"ordu-birliklerimiz-hama-kirsalinin-guneyi-zara-bolgesinde-erdogan-ve-al-suud-rejimlerinin-destek-ve-komutasinda-faaliyet-gosteren-katliamci-nusra-cephesi-ve-ahrar-el-sam-islami-hareketi-cetelerinin-za","status":"publish","type":"post","link":"https:\/\/archive.sana.sy\/tr\/?p=73655","title":{"rendered":"Ordu birliklerimiz Hama k\u0131rsal\u0131n\u0131n g\u00fcneyi Zara B\u00f6lgesinde Erdo\u011fan ve Al Suud rejimlerinin destek ve komutas\u0131nda faaliyet g\u00f6steren katliamc\u0131 Nusra Cephesi ve Ahrar el \u015eam \u0130slami Hareketi \u00e7etelerinin Zara Elektrik \u0130stasyonuna \u00e7emberlerini ba\u015far\u0131yla k\u0131rd\u0131"},"content":{"rendered":"<p>Ordu birliklerimiz Hama k\u0131rsal\u0131n\u0131n g\u00fcneyi Zara B\u00f6lgesinde Erdo\u011fan ve Al Suud rejimlerinin destek ve komutas\u0131nda faaliyet g\u00f6steren katliamc\u0131 Nusra Cephesi ve Ahrar el \u015eam \u0130slami Hareketi \u00e7etelerinin Zara Elektrik \u0130stasyonuna \u00e7emberlerini ba\u015far\u0131yla k\u0131rd\u0131<\/p>\n","protected":false},"excerpt":{"rendered":"<p>Ordu birliklerimiz Hama k\u0131rsal\u0131n\u0131n g\u00fcneyi Zara B\u00f6lgesinde Erdo\u011fan ve Al Suud rejimlerinin destek ve komutas\u0131nda faaliyet g\u00f6steren katliamc\u0131 Nusra Cephesi ve Ahrar el \u015eam \u0130slami Hareketi \u00e7etelerinin Zara Elektrik \u0130stasyonuna \u00e7emberlerini ba\u015far\u0131yla k\u0131rd\u0131<\/p>\n","protected":false},"author":1,"featured_media":0,"comment_status":"closed","ping_status":"closed","sticky":false,"template":"","format":"standard","meta":{"footnotes":""},"categories":[17991],"tags":[],"class_list":["post-73655","post","type-post","status-publish","format-standard","","category-son-dakika"],"_links":{"self":[{"href":"https:\/\/archive.sana.sy\/tr\/index.php?rest_route=\/wp\/v2\/posts\/73655","targetHints":{"allow":["GET"]}}],"collection":[{"href":"https:\/\/archive.sana.sy\/tr\/index.php?rest_route=\/wp\/v2\/posts"}],"about":[{"href":"https:\/\/archive.sana.sy\/tr\/index.php?rest_route=\/wp\/v2\/types\/post"}],"author":[{"embeddable":true,"href":"https:\/\/archive.sana.sy\/tr\/index.php?rest_route=\/wp\/v2\/users\/1"}],"replies":[{"embeddable":true,"href":"https:\/\/archive.sana.sy\/tr\/index.php?rest_route=%2Fwp%2Fv2%2Fcomments&post=73655"}],"version-history":[{"count":0,"href":"https:\/\/archive.sana.sy\/tr\/index.php?rest_route=\/wp\/v2\/posts\/73655\/revisions"}],"wp:attachment":[{"href":"https:\/\/archive.sana.sy\/tr\/index.php?rest_route=%2Fwp%2Fv2%2Fmedia&parent=73655"}],"wp:term":[{"taxonomy":"category","embeddable":true,"href":"https:\/\/archive.sana.sy\/tr\/index.php?rest_route=%2Fwp%2Fv2%2Fcategories&post=73655"},{"taxonomy":"post_tag","embeddable":true,"href":"https:\/\/archive.sana.sy\/tr\/index.php?rest_route=%2Fwp%2Fv2%2Ftags&post=73655"}],"curies":[{"name":"wp","href":"https:\/\/api.w.org\/{rel}","templated":true}]}}