{"id":73657,"date":"2016-05-21T10:22:48","date_gmt":"2016-05-21T07:22:48","guid":{"rendered":"http:\/\/www.sana.sy\/tr\/?p=73657"},"modified":"2016-05-21T12:23:40","modified_gmt":"2016-05-21T09:23:40","slug":"askeri-kaynak-sanaya-aciklamasinda-100den-fazla-teroristin-olduruldugu-ve-yuksek-sayida-teroristin-de-yarali-dusuruldugu-operasyonlarda-agir-silahlarla-donatilmis-10-aracin-da-imha-e","status":"publish","type":"post","link":"https:\/\/archive.sana.sy\/tr\/?p=73657","title":{"rendered":"Askeri kaynak SANA\u2019ya a\u00e7\u0131klamas\u0131nda 100\u2019den fazla ter\u00f6ristin \u00f6ld\u00fcr\u00fcld\u00fc\u011f\u00fc ve y\u00fcksek say\u0131da ter\u00f6ristin de yaral\u0131 d\u00fc\u015f\u00fcr\u00fcld\u00fc\u011f\u00fc operasyonlarda a\u011f\u0131r silahlarla donat\u0131lm\u0131\u015f 10 arac\u0131n da imha edildi\u011fini belirtti"},"content":{"rendered":"<p>Askeri kaynak SANA\u2019ya a\u00e7\u0131klamas\u0131nda 100\u2019den fazla ter\u00f6ristin \u00f6ld\u00fcr\u00fcld\u00fc\u011f\u00fc ve y\u00fcksek say\u0131da ter\u00f6ristin de yaral\u0131 d\u00fc\u015f\u00fcr\u00fcld\u00fc\u011f\u00fc operasyonlarda a\u011f\u0131r silahlarla donat\u0131lm\u0131\u015f 10 arac\u0131n da imha edildi\u011fini belirtti<\/p>\n","protected":false},"excerpt":{"rendered":"<p>Askeri kaynak SANA\u2019ya a\u00e7\u0131klamas\u0131nda 100\u2019den fazla ter\u00f6ristin \u00f6ld\u00fcr\u00fcld\u00fc\u011f\u00fc ve y\u00fcksek say\u0131da ter\u00f6ristin de yaral\u0131 d\u00fc\u015f\u00fcr\u00fcld\u00fc\u011f\u00fc operasyonlarda a\u011f\u0131r silahlarla donat\u0131lm\u0131\u015f 10 arac\u0131n da imha edildi\u011fini belirtti<\/p>\n","protected":false},"author":1,"featured_media":0,"comment_status":"closed","ping_status":"closed","sticky":false,"template":"","format":"standard","meta":{"footnotes":""},"categories":[17991],"tags":[],"class_list":["post-73657","post","type-post","status-publish","format-standard","","category-son-dakika"],"_links":{"self":[{"href":"https:\/\/archive.sana.sy\/tr\/index.php?rest_route=\/wp\/v2\/posts\/73657","targetHints":{"allow":["GET"]}}],"collection":[{"href":"https:\/\/archive.sana.sy\/tr\/index.php?rest_route=\/wp\/v2\/posts"}],"about":[{"href":"https:\/\/archive.sana.sy\/tr\/index.php?rest_route=\/wp\/v2\/types\/post"}],"author":[{"embeddable":true,"href":"https:\/\/archive.sana.sy\/tr\/index.php?rest_route=\/wp\/v2\/users\/1"}],"replies":[{"embeddable":true,"href":"https:\/\/archive.sana.sy\/tr\/index.php?rest_route=%2Fwp%2Fv2%2Fcomments&post=73657"}],"version-history":[{"count":0,"href":"https:\/\/archive.sana.sy\/tr\/index.php?rest_route=\/wp\/v2\/posts\/73657\/revisions"}],"wp:attachment":[{"href":"https:\/\/archive.sana.sy\/tr\/index.php?rest_route=%2Fwp%2Fv2%2Fmedia&parent=73657"}],"wp:term":[{"taxonomy":"category","embeddable":true,"href":"https:\/\/archive.sana.sy\/tr\/index.php?rest_route=%2Fwp%2Fv2%2Fcategories&post=73657"},{"taxonomy":"post_tag","embeddable":true,"href":"https:\/\/archive.sana.sy\/tr\/index.php?rest_route=%2Fwp%2Fv2%2Ftags&post=73657"}],"curies":[{"name":"wp","href":"https:\/\/api.w.org\/{rel}","templated":true}]}}