{"id":73659,"date":"2016-05-21T10:29:20","date_gmt":"2016-05-21T07:29:20","guid":{"rendered":"http:\/\/www.sana.sy\/tr\/?p=73659"},"modified":"2016-05-21T12:24:09","modified_gmt":"2016-05-21T09:24:09","slug":"kaynak-sag-kalan-teroristlerin-hurbinefseh-beldesine-kactiklarini-ifade-ederken-belde-civarindaki-tum-mevki-ve-noktalarin-ordu-kontrolune-gectigine-dikkat-cekti","status":"publish","type":"post","link":"https:\/\/archive.sana.sy\/tr\/?p=73659","title":{"rendered":"Kaynak sa\u011f kalan ter\u00f6ristlerin Hurbinefseh Beldesine ka\u00e7t\u0131klar\u0131n\u0131 ifade ederken, belde civar\u0131ndaki t\u00fcm mevki ve noktalar\u0131n ordu kontrol\u00fcne ge\u00e7ti\u011fine dikkat \u00e7ekti"},"content":{"rendered":"<p>Kaynak sa\u011f kalan ter\u00f6ristlerin Hurbinefseh Beldesine ka\u00e7t\u0131klar\u0131n\u0131 ifade ederken, belde civar\u0131ndaki t\u00fcm mevki ve noktalar\u0131n ordu kontrol\u00fcne ge\u00e7ti\u011fine dikkat \u00e7ekti<\/p>\n","protected":false},"excerpt":{"rendered":"<p>Kaynak sa\u011f kalan ter\u00f6ristlerin Hurbinefseh Beldesine ka\u00e7t\u0131klar\u0131n\u0131 ifade ederken, belde civar\u0131ndaki t\u00fcm mevki ve noktalar\u0131n ordu kontrol\u00fcne ge\u00e7ti\u011fine dikkat \u00e7ekti<\/p>\n","protected":false},"author":1,"featured_media":0,"comment_status":"closed","ping_status":"closed","sticky":false,"template":"","format":"standard","meta":{"footnotes":""},"categories":[17991],"tags":[],"class_list":["post-73659","post","type-post","status-publish","format-standard","","category-son-dakika"],"_links":{"self":[{"href":"https:\/\/archive.sana.sy\/tr\/index.php?rest_route=\/wp\/v2\/posts\/73659","targetHints":{"allow":["GET"]}}],"collection":[{"href":"https:\/\/archive.sana.sy\/tr\/index.php?rest_route=\/wp\/v2\/posts"}],"about":[{"href":"https:\/\/archive.sana.sy\/tr\/index.php?rest_route=\/wp\/v2\/types\/post"}],"author":[{"embeddable":true,"href":"https:\/\/archive.sana.sy\/tr\/index.php?rest_route=\/wp\/v2\/users\/1"}],"replies":[{"embeddable":true,"href":"https:\/\/archive.sana.sy\/tr\/index.php?rest_route=%2Fwp%2Fv2%2Fcomments&post=73659"}],"version-history":[{"count":0,"href":"https:\/\/archive.sana.sy\/tr\/index.php?rest_route=\/wp\/v2\/posts\/73659\/revisions"}],"wp:attachment":[{"href":"https:\/\/archive.sana.sy\/tr\/index.php?rest_route=%2Fwp%2Fv2%2Fmedia&parent=73659"}],"wp:term":[{"taxonomy":"category","embeddable":true,"href":"https:\/\/archive.sana.sy\/tr\/index.php?rest_route=%2Fwp%2Fv2%2Fcategories&post=73659"},{"taxonomy":"post_tag","embeddable":true,"href":"https:\/\/archive.sana.sy\/tr\/index.php?rest_route=%2Fwp%2Fv2%2Ftags&post=73659"}],"curies":[{"name":"wp","href":"https:\/\/api.w.org\/{rel}","templated":true}]}}