{"id":73684,"date":"2016-05-21T15:14:14","date_gmt":"2016-05-21T12:14:14","guid":{"rendered":"http:\/\/www.sana.sy\/tr\/?p=73684"},"modified":"2016-05-21T15:14:14","modified_gmt":"2016-05-21T12:14:14","slug":"halep-il-emniyet-mudurlugunde-yetkili-bir-kaynak-sanaya-aciklamasinda-erdogan-rejiminin-destekledigi-tekfirci-teroristlerin-bugun-kentin-sivil-yerlesim-alanlarindan-seyh-maksud-semtini-fuzele","status":"publish","type":"post","link":"https:\/\/archive.sana.sy\/tr\/?p=73684","title":{"rendered":"Halep \u0130l Emniyet M\u00fcd\u00fcrl\u00fc\u011f\u00fcnde yetkili bir kaynak SANA\u2019ya a\u00e7\u0131klamas\u0131nda Erdo\u011fan rejiminin destekledi\u011fi tekfirci ter\u00f6ristlerin bug\u00fcn kentin sivil yerle\u015fim alanlar\u0131ndan \u015eeyh Maksud Semtini f\u00fczelerle geli\u015fig\u00fczel olarak hedef almalar\u0131 sonucunda bir \u00e7ocu\u011fun yaraland\u0131\u011f\u0131n\u0131, vatanda\u015flar\u0131n evlerinde de b\u00fcy\u00fck hasarlar\u0131n olu\u015ftu\u011funu aktard\u0131"},"content":{"rendered":"<p>Halep \u0130l Emniyet M\u00fcd\u00fcrl\u00fc\u011f\u00fcnde yetkili bir kaynak SANA\u2019ya a\u00e7\u0131klamas\u0131nda Erdo\u011fan rejiminin destekledi\u011fi tekfirci ter\u00f6ristlerin bug\u00fcn kentin sivil yerle\u015fim alanlar\u0131ndan \u015eeyh Maksud Semtini f\u00fczelerle geli\u015fig\u00fczel olarak hedef almalar\u0131 sonucunda bir \u00e7ocu\u011fun yaraland\u0131\u011f\u0131n\u0131, vatanda\u015flar\u0131n evlerinde de b\u00fcy\u00fck hasarlar\u0131n olu\u015ftu\u011funu aktard\u0131<\/p>\n","protected":false},"excerpt":{"rendered":"<p>Halep \u0130l Emniyet M\u00fcd\u00fcrl\u00fc\u011f\u00fcnde yetkili bir kaynak SANA\u2019ya a\u00e7\u0131klamas\u0131nda Erdo\u011fan rejiminin destekledi\u011fi tekfirci ter\u00f6ristlerin bug\u00fcn kentin sivil yerle\u015fim alanlar\u0131ndan \u015eeyh Maksud Semtini f\u00fczelerle geli\u015fig\u00fczel olarak hedef almalar\u0131 sonucunda bir \u00e7ocu\u011fun yaraland\u0131\u011f\u0131n\u0131, vatanda\u015flar\u0131n evlerinde de b\u00fcy\u00fck hasarlar\u0131n olu\u015ftu\u011funu aktard\u0131<\/p>\n","protected":false},"author":1,"featured_media":0,"comment_status":"closed","ping_status":"closed","sticky":false,"template":"","format":"standard","meta":{"footnotes":""},"categories":[17991],"tags":[],"class_list":["post-73684","post","type-post","status-publish","format-standard","","category-son-dakika"],"_links":{"self":[{"href":"https:\/\/archive.sana.sy\/tr\/index.php?rest_route=\/wp\/v2\/posts\/73684","targetHints":{"allow":["GET"]}}],"collection":[{"href":"https:\/\/archive.sana.sy\/tr\/index.php?rest_route=\/wp\/v2\/posts"}],"about":[{"href":"https:\/\/archive.sana.sy\/tr\/index.php?rest_route=\/wp\/v2\/types\/post"}],"author":[{"embeddable":true,"href":"https:\/\/archive.sana.sy\/tr\/index.php?rest_route=\/wp\/v2\/users\/1"}],"replies":[{"embeddable":true,"href":"https:\/\/archive.sana.sy\/tr\/index.php?rest_route=%2Fwp%2Fv2%2Fcomments&post=73684"}],"version-history":[{"count":0,"href":"https:\/\/archive.sana.sy\/tr\/index.php?rest_route=\/wp\/v2\/posts\/73684\/revisions"}],"wp:attachment":[{"href":"https:\/\/archive.sana.sy\/tr\/index.php?rest_route=%2Fwp%2Fv2%2Fmedia&parent=73684"}],"wp:term":[{"taxonomy":"category","embeddable":true,"href":"https:\/\/archive.sana.sy\/tr\/index.php?rest_route=%2Fwp%2Fv2%2Fcategories&post=73684"},{"taxonomy":"post_tag","embeddable":true,"href":"https:\/\/archive.sana.sy\/tr\/index.php?rest_route=%2Fwp%2Fv2%2Ftags&post=73684"}],"curies":[{"name":"wp","href":"https:\/\/api.w.org\/{rel}","templated":true}]}}