{"id":73689,"date":"2016-05-21T13:20:55","date_gmt":"2016-05-21T10:20:55","guid":{"rendered":"http:\/\/www.sana.sy\/tr\/?p=73689"},"modified":"2016-05-22T15:40:23","modified_gmt":"2016-05-22T12:40:23","slug":"geri-donus-emanettir","status":"publish","type":"post","link":"https:\/\/archive.sana.sy\/tr\/?p=73689","title":{"rendered":"Geri D\u00f6n\u00fc\u015f Emanettir (video)"},"content":{"rendered":"<p>\u015eAM \u2013 Siyonist \u0130srail&#8217;in 1948 y\u0131l\u0131nda i\u015fgal Filistin topraklar\u0131n\u0131 i\u015fgal etmesi ve o s\u00fcre\u00e7 i\u00e7inde on binlerce Filistinli\u011fi muhtelif devletlere tehcir etmesiyle bilinen Nekbe\u2019nin 68. Y\u0131ld\u00f6n\u00fcm\u00fcne e\u015f zamanl\u0131 olarak Filistinlilerin diyarlar\u0131na geri d\u00f6n\u00fc\u015f haklar\u0131na destek faaliyeti d\u00fczenlendi.<\/p>\n<p>\u015eam \u00dcniversitesi Mimarl\u0131k Fak\u00fcltesinde \u2018Geri D\u00f6n\u00fc\u015f Emanettir\u2019 slogan\u0131 alt\u0131nda d\u00fczenlenen etkinli\u011fe Filistinli bir\u00e7ok grup temsilcisinin yan\u0131 s\u0131ra muhtelif Arap devletlerinden \u00f6\u011frenci temsilcilikleri kat\u0131ld\u0131lar.<br \/>\nSempozyumda yap\u0131lan konu\u015fmalarda diyarlar\u0131ndan tehcir edilen Filistinlilerin y\u0131llar ge\u00e7se de as\u0131l sahipleri olduklar\u0131 topraklar\u0131na d\u00f6nme hakk\u0131n\u0131n nesiller boyunca \u0131srarla savunulaca\u011f\u0131na vurgu yap\u0131ld\u0131.<\/p>\n<p>Suriye&#8217;nin Filistin davas\u0131 ve Filistinlilerin me\u015fru haklar\u0131na deste\u011fine takdirle \u0131\u015f\u0131k tutulan sempozyumda; Suriye&#8217;ye kar\u015f\u0131 bu h\u0131r\u00e7\u0131n evrensel sava\u015f\u0131n bir nedeninin de bu destekleyici tutum oldu\u011funa dikkat \u00e7ekildi.<\/p>\n<p>Konu\u015fmac\u0131lar Filistin davas\u0131na siyonist \u0130srail \u00e7\u0131karlar\u0131na tasfiye etmeye \u00e7al\u0131\u015fan ayn\u0131 devletlerin, Suriye&#8217;de \u00e7okuluslu tekfirci ter\u00f6r\u00fc desteklediklerine vurgu yapt\u0131.<\/p>\n<p>https:\/\/www.youtube.com\/watch?time_continue=19&#038;v=7EA__B3fVoM<\/p>\n","protected":false},"excerpt":{"rendered":"<p>\u015eAM \u2013 Siyonist \u0130srail&#8217;in 1948 y\u0131l\u0131nda i\u015fgal Filistin topraklar\u0131n\u0131 i\u015fgal etmesi ve o s\u00fcre\u00e7 i\u00e7inde on binlerce Filistinli\u011fi muhtelif devletlere tehcir etmesiyle bilinen Nekbe\u2019nin 68. Y\u0131ld\u00f6n\u00fcm\u00fcne e\u015f zamanl\u0131 olarak Filistinlilerin diyarlar\u0131na geri d\u00f6n\u00fc\u015f haklar\u0131na destek faaliyeti d\u00fczenlendi. \u015eam \u00dcniversitesi Mimarl\u0131k Fak\u00fcltesinde \u2018Geri D\u00f6n\u00fc\u015f Emanettir\u2019 slogan\u0131 alt\u0131nda d\u00fczenlenen etkinli\u011fe Filistinli bir\u00e7ok grup temsilcisinin yan\u0131 s\u0131ra muhtelif &hellip;<\/p>\n","protected":false},"author":1,"featured_media":73700,"comment_status":"closed","ping_status":"closed","sticky":false,"template":"","format":"standard","meta":{"footnotes":""},"categories":[479,17988,478],"tags":[21284,21281,21283,21268,21282],"class_list":["post-73689","post","type-post","status-publish","format-standard","has-post-thumbnail","","category-haberler-yerel","category-son-haberler","category-yerel","tag-diyarlara-donus","tag-filistinlilerin-geri-donus-hakki","tag-geridonus","tag-nekbe","tag-sempozyum"],"_links":{"self":[{"href":"https:\/\/archive.sana.sy\/tr\/index.php?rest_route=\/wp\/v2\/posts\/73689","targetHints":{"allow":["GET"]}}],"collection":[{"href":"https:\/\/archive.sana.sy\/tr\/index.php?rest_route=\/wp\/v2\/posts"}],"about":[{"href":"https:\/\/archive.sana.sy\/tr\/index.php?rest_route=\/wp\/v2\/types\/post"}],"author":[{"embeddable":true,"href":"https:\/\/archive.sana.sy\/tr\/index.php?rest_route=\/wp\/v2\/users\/1"}],"replies":[{"embeddable":true,"href":"https:\/\/archive.sana.sy\/tr\/index.php?rest_route=%2Fwp%2Fv2%2Fcomments&post=73689"}],"version-history":[{"count":0,"href":"https:\/\/archive.sana.sy\/tr\/index.php?rest_route=\/wp\/v2\/posts\/73689\/revisions"}],"wp:featuredmedia":[{"embeddable":true,"href":"https:\/\/archive.sana.sy\/tr\/index.php?rest_route=\/wp\/v2\/media\/73700"}],"wp:attachment":[{"href":"https:\/\/archive.sana.sy\/tr\/index.php?rest_route=%2Fwp%2Fv2%2Fmedia&parent=73689"}],"wp:term":[{"taxonomy":"category","embeddable":true,"href":"https:\/\/archive.sana.sy\/tr\/index.php?rest_route=%2Fwp%2Fv2%2Fcategories&post=73689"},{"taxonomy":"post_tag","embeddable":true,"href":"https:\/\/archive.sana.sy\/tr\/index.php?rest_route=%2Fwp%2Fv2%2Ftags&post=73689"}],"curies":[{"name":"wp","href":"https:\/\/api.w.org\/{rel}","templated":true}]}}