{"id":7369,"date":"2014-08-15T19:07:05","date_gmt":"2014-08-15T16:07:05","guid":{"rendered":"http:\/\/www.sana.sy\/tr\/?p=7369"},"modified":"2014-08-15T19:07:05","modified_gmt":"2014-08-15T16:07:05","slug":"radyo-televizyon-vericisini-havaya-ucurma-girisimi-cokertildi","status":"publish","type":"post","link":"https:\/\/archive.sana.sy\/tr\/?p=7369","title":{"rendered":"Radyo Televizyon Vericisini Havaya U\u00e7urma Giri\u015fimi \u00c7\u00f6kertildi"},"content":{"rendered":"<p>DEYREZZOR \u2013 Ordu birliklerimiz Deyrezzor k\u0131rsal\u0131n\u0131n bat\u0131s\u0131na d\u00fc\u015fen Ayya\u015f Beldesi el Huceyf Mevkiinde Radyo Televizyon Vericisi \u0130stasyonu yak\u0131nlar\u0131nda intihar eylemcisi bir ter\u00f6ristin ger\u00e7ekle\u015ftirmeye \u00e7al\u0131\u015ft\u0131\u011f\u0131 bombal\u0131 eylemi \u00e7\u00f6kertti.<\/p>\n<p>Deyrezzor Valili\u011finde bir kaynak SANA\u2019ya a\u00e7\u0131klamas\u0131nda; ordu birliklerimizin, patlay\u0131c\u0131 y\u00fckl\u00fc kapal\u0131 bir minib\u00fcs kullanan ve radyo televizyon vericisi istikametinde seyir eden intihar eylemcisi ter\u00f6risti hedefe ula\u015fmadan \u00f6nce kulland\u0131\u011f\u0131 ara\u00e7la birlikte havaya u\u00e7urduklar\u0131n\u0131 aktard\u0131. Kaynak arac\u0131n hedeften uzak bir yerde havaya u\u00e7urulmas\u0131yla intihar eylemcisi haricinde be\u015feri yada maddi kay\u0131p olmad\u0131\u011f\u0131n\u0131 ifade etti.<\/p>\n","protected":false},"excerpt":{"rendered":"<p>DEYREZZOR \u2013 Ordu birliklerimiz Deyrezzor k\u0131rsal\u0131n\u0131n bat\u0131s\u0131na d\u00fc\u015fen Ayya\u015f Beldesi el Huceyf Mevkiinde Radyo Televizyon Vericisi \u0130stasyonu yak\u0131nlar\u0131nda intihar eylemcisi bir ter\u00f6ristin ger\u00e7ekle\u015ftirmeye \u00e7al\u0131\u015ft\u0131\u011f\u0131 bombal\u0131 eylemi \u00e7\u00f6kertti. Deyrezzor Valili\u011finde bir kaynak SANA\u2019ya a\u00e7\u0131klamas\u0131nda; ordu birliklerimizin, patlay\u0131c\u0131 y\u00fckl\u00fc kapal\u0131 bir minib\u00fcs kullanan ve radyo televizyon vericisi istikametinde seyir eden intihar eylemcisi ter\u00f6risti hedefe ula\u015fmadan \u00f6nce kulland\u0131\u011f\u0131 &hellip;<\/p>\n","protected":false},"author":1,"featured_media":7370,"comment_status":"closed","ping_status":"closed","sticky":false,"template":"","format":"standard","meta":{"footnotes":""},"categories":[479,575,478],"tags":[1649],"class_list":["post-7369","post","type-post","status-publish","format-standard","has-post-thumbnail","","category-haberler-yerel","category-olaylar-ve-gercekler","category-yerel","tag-radyo-televizyon-vericisini-havaya-ucurma-girisimi-cokertildi"],"_links":{"self":[{"href":"https:\/\/archive.sana.sy\/tr\/index.php?rest_route=\/wp\/v2\/posts\/7369","targetHints":{"allow":["GET"]}}],"collection":[{"href":"https:\/\/archive.sana.sy\/tr\/index.php?rest_route=\/wp\/v2\/posts"}],"about":[{"href":"https:\/\/archive.sana.sy\/tr\/index.php?rest_route=\/wp\/v2\/types\/post"}],"author":[{"embeddable":true,"href":"https:\/\/archive.sana.sy\/tr\/index.php?rest_route=\/wp\/v2\/users\/1"}],"replies":[{"embeddable":true,"href":"https:\/\/archive.sana.sy\/tr\/index.php?rest_route=%2Fwp%2Fv2%2Fcomments&post=7369"}],"version-history":[{"count":0,"href":"https:\/\/archive.sana.sy\/tr\/index.php?rest_route=\/wp\/v2\/posts\/7369\/revisions"}],"wp:featuredmedia":[{"embeddable":true,"href":"https:\/\/archive.sana.sy\/tr\/index.php?rest_route=\/wp\/v2\/media\/7370"}],"wp:attachment":[{"href":"https:\/\/archive.sana.sy\/tr\/index.php?rest_route=%2Fwp%2Fv2%2Fmedia&parent=7369"}],"wp:term":[{"taxonomy":"category","embeddable":true,"href":"https:\/\/archive.sana.sy\/tr\/index.php?rest_route=%2Fwp%2Fv2%2Fcategories&post=7369"},{"taxonomy":"post_tag","embeddable":true,"href":"https:\/\/archive.sana.sy\/tr\/index.php?rest_route=%2Fwp%2Fv2%2Ftags&post=7369"}],"curies":[{"name":"wp","href":"https:\/\/api.w.org\/{rel}","templated":true}]}}