{"id":73695,"date":"2016-05-21T15:33:39","date_gmt":"2016-05-21T12:33:39","guid":{"rendered":"http:\/\/sana.sy\/tr\/?p=73695"},"modified":"2016-05-22T15:27:41","modified_gmt":"2016-05-22T12:27:41","slug":"gelisiguzel-fuze-saldirilari-devam-ediyor","status":"publish","type":"post","link":"https:\/\/archive.sana.sy\/tr\/?p=73695","title":{"rendered":"Geli\u015fig\u00fczel F\u00fcze Sald\u0131r\u0131lar\u0131 Devam Ediyor"},"content":{"rendered":"<p>\u0130LLER\u2013 Erdo\u011fan ve Al Suud rejimlerine tabi \u00e7okuluslu tekfirci ter\u00f6ristler \u00e7at\u0131\u015fmalar\u0131 durdurma anla\u015fmas\u0131na ihlal etme ve sivil b\u00f6lgeleri geli\u015fig\u00fczel f\u00fcze sald\u0131r\u0131lar\u0131yla hedef almaya devam ediyor.<\/p>\n<p>Halep \u0130l Emniyet M\u00fcd\u00fcrl\u00fc\u011f\u00fcnde yetkili bir kaynak SANA\u2019ya a\u00e7\u0131klamas\u0131nda Erdo\u011fan rejiminin destekledi\u011fi tekfirci ter\u00f6ristlerin bug\u00fcn kentin sivil yerle\u015fim alanlar\u0131ndan \u015eeyh Maksud Semtini f\u00fczelerle geli\u015fig\u00fczel olarak hedef ald\u0131klar\u0131n\u0131 belirtti.<\/p>\n<p>Kaynak hain sald\u0131r\u0131lar sonucunda bir \u00e7ocu\u011fun yaraland\u0131\u011f\u0131n\u0131, vatanda\u015flar\u0131n evlerinde de b\u00fcy\u00fck hasarlar\u0131n olu\u015ftu\u011funu aktard\u0131.<\/p>\n<p>SANA\u2019n\u0131n Halep muhabiri ak\u015fam\u00fczeri saatlerinde ter\u00f6ristlerin Bab el Ferec sivil yerle\u015fim b\u00f6lgesini bir f\u00fczeyle hedef almalar\u0131 sonucunda aralar\u0131nda iki \u00e7ocu\u011fun bulundu\u011fu 5 vatanda\u015f\u0131n yaraland\u0131\u011f\u0131n\u0131 aktard\u0131.<\/p>\n<div id='gallery-1' class='gallery galleryid-73695 gallery-columns-2 gallery-size-medium'><figure class='gallery-item'>\n\t\t\t<div class='gallery-icon landscape'>\n\t\t\t\t<a href='https:\/\/archive.sana.sy\/tr\/wp-content\/uploads\/2016\/05\/halep-3-1.jpg'><img loading=\"lazy\" decoding=\"async\" width=\"300\" height=\"194\" src=\"https:\/\/archive.sana.sy\/tr\/wp-content\/uploads\/2016\/05\/halep-3-1-300x194.jpg\" class=\"attachment-medium size-medium\" alt=\"\" srcset=\"https:\/\/archive.sana.sy\/tr\/wp-content\/uploads\/2016\/05\/halep-3-1-300x194.jpg 300w, https:\/\/archive.sana.sy\/tr\/wp-content\/uploads\/2016\/05\/halep-3-1-150x97.jpg 150w, https:\/\/archive.sana.sy\/tr\/wp-content\/uploads\/2016\/05\/halep-3-1-768x497.jpg 768w, https:\/\/archive.sana.sy\/tr\/wp-content\/uploads\/2016\/05\/halep-3-1-1024x662.jpg 1024w, https:\/\/archive.sana.sy\/tr\/wp-content\/uploads\/2016\/05\/halep-3-1.jpg 1280w\" sizes=\"auto, (max-width: 300px) 100vw, 300px\" \/><\/a>\n\t\t\t<\/div><\/figure><figure class='gallery-item'>\n\t\t\t<div class='gallery-icon landscape'>\n\t\t\t\t<a href='https:\/\/archive.sana.sy\/tr\/wp-content\/uploads\/2016\/05\/halep-1-1.jpg'><img loading=\"lazy\" decoding=\"async\" width=\"300\" height=\"189\" src=\"https:\/\/archive.sana.sy\/tr\/wp-content\/uploads\/2016\/05\/halep-1-1-300x189.jpg\" class=\"attachment-medium size-medium\" alt=\"\" srcset=\"https:\/\/archive.sana.sy\/tr\/wp-content\/uploads\/2016\/05\/halep-1-1-300x189.jpg 300w, https:\/\/archive.sana.sy\/tr\/wp-content\/uploads\/2016\/05\/halep-1-1-150x95.jpg 150w, https:\/\/archive.sana.sy\/tr\/wp-content\/uploads\/2016\/05\/halep-1-1-768x485.jpg 768w, https:\/\/archive.sana.sy\/tr\/wp-content\/uploads\/2016\/05\/halep-1-1-1024x646.jpg 1024w, https:\/\/archive.sana.sy\/tr\/wp-content\/uploads\/2016\/05\/halep-1-1.jpg 1280w\" sizes=\"auto, (max-width: 300px) 100vw, 300px\" \/><\/a>\n\t\t\t<\/div><\/figure>\n\t\t<\/div>\n\n<p><span style=\"color: #0000ff\">DERA:<\/span><\/p>\n<p>\u00d6te yandan Dera Valili\u011finde yetkili bir kaynak SANA\u2019ya a\u00e7\u0131klamas\u0131nda; \u0130srail\u2019den destek alan ter\u00f6ristlerin f\u0131rlatt\u0131\u011f\u0131 f\u00fczelerin Dera Kenti Sebil, Matar ve Sehari semtlerine d\u00fc\u015fmeleri sonucunda 4 vatanda\u015f\u0131n yaraland\u0131\u011f\u0131n\u0131 ifade etti.<\/p>\n<p>R.H.<\/p>\n","protected":false},"excerpt":{"rendered":"<p>\u0130LLER\u2013 Erdo\u011fan ve Al Suud rejimlerine tabi \u00e7okuluslu tekfirci ter\u00f6ristler \u00e7at\u0131\u015fmalar\u0131 durdurma anla\u015fmas\u0131na ihlal etme ve sivil b\u00f6lgeleri geli\u015fig\u00fczel f\u00fcze sald\u0131r\u0131lar\u0131yla hedef almaya devam ediyor. Halep \u0130l Emniyet M\u00fcd\u00fcrl\u00fc\u011f\u00fcnde yetkili bir kaynak SANA\u2019ya a\u00e7\u0131klamas\u0131nda Erdo\u011fan rejiminin destekledi\u011fi tekfirci ter\u00f6ristlerin bug\u00fcn kentin sivil yerle\u015fim alanlar\u0131ndan \u015eeyh Maksud Semtini f\u00fczelerle geli\u015fig\u00fczel olarak hedef ald\u0131klar\u0131n\u0131 belirtti. Kaynak hain &hellip;<\/p>\n","protected":false},"author":1,"featured_media":73735,"comment_status":"closed","ping_status":"closed","sticky":false,"template":"","format":"standard","meta":{"footnotes":""},"categories":[479,575,17988,478],"tags":[],"class_list":["post-73695","post","type-post","status-publish","format-standard","has-post-thumbnail","","category-haberler-yerel","category-olaylar-ve-gercekler","category-son-haberler","category-yerel"],"_links":{"self":[{"href":"https:\/\/archive.sana.sy\/tr\/index.php?rest_route=\/wp\/v2\/posts\/73695","targetHints":{"allow":["GET"]}}],"collection":[{"href":"https:\/\/archive.sana.sy\/tr\/index.php?rest_route=\/wp\/v2\/posts"}],"about":[{"href":"https:\/\/archive.sana.sy\/tr\/index.php?rest_route=\/wp\/v2\/types\/post"}],"author":[{"embeddable":true,"href":"https:\/\/archive.sana.sy\/tr\/index.php?rest_route=\/wp\/v2\/users\/1"}],"replies":[{"embeddable":true,"href":"https:\/\/archive.sana.sy\/tr\/index.php?rest_route=%2Fwp%2Fv2%2Fcomments&post=73695"}],"version-history":[{"count":0,"href":"https:\/\/archive.sana.sy\/tr\/index.php?rest_route=\/wp\/v2\/posts\/73695\/revisions"}],"wp:featuredmedia":[{"embeddable":true,"href":"https:\/\/archive.sana.sy\/tr\/index.php?rest_route=\/wp\/v2\/media\/73735"}],"wp:attachment":[{"href":"https:\/\/archive.sana.sy\/tr\/index.php?rest_route=%2Fwp%2Fv2%2Fmedia&parent=73695"}],"wp:term":[{"taxonomy":"category","embeddable":true,"href":"https:\/\/archive.sana.sy\/tr\/index.php?rest_route=%2Fwp%2Fv2%2Fcategories&post=73695"},{"taxonomy":"post_tag","embeddable":true,"href":"https:\/\/archive.sana.sy\/tr\/index.php?rest_route=%2Fwp%2Fv2%2Ftags&post=73695"}],"curies":[{"name":"wp","href":"https:\/\/api.w.org\/{rel}","templated":true}]}}