{"id":7374,"date":"2014-08-15T23:25:33","date_gmt":"2014-08-15T20:25:33","guid":{"rendered":"http:\/\/www.sana.sy\/tr\/?p=7374"},"modified":"2014-08-16T00:04:46","modified_gmt":"2014-08-15T21:04:46","slug":"syria-motex-2-fuari-suriyeli-260-sirketin-katilimiyla-basladi","status":"publish","type":"post","link":"https:\/\/archive.sana.sy\/tr\/?p=7374","title":{"rendered":"Syria MOTEX 2 Fuar\u0131 Suriyeli 260 \u015eirketin Kat\u0131l\u0131m\u0131yla Ba\u015flad\u0131"},"content":{"rendered":"<p>BEYRUT \u2013 Giyim tekstil sekt\u00f6r\u00fcnde uzman Syria MOTEX 2 Fuar\u0131 bug\u00fcn Suriyeli 260 \u015firketin kat\u0131l\u0131m\u0131yla L\u00fcbnan&#8217;\u0131n ba\u015fkenti Beyrut\u2019ta faaliyetlerine ba\u015flad\u0131.<\/p>\n<p>Arap ve uluslararas\u0131 yo\u011fun bir ilgi g\u00f6ren fuar 18 A\u011fustos tarihine dek ziyaret\u00e7ilere a\u00e7\u0131k olacak.<\/p>\n<p>Sanayi Bakan\u0131 H\u0131z\u0131r Urfal\u0131; gerek yurti\u00e7inde gerekse yurtd\u0131\u015f\u0131nda d\u00fczenlenen Suriyeli fuarlar\u0131n, \u00fc\u00e7 y\u0131ldan fazla bir s\u00fcredir Suriye ve halk\u0131na muhtelif y\u00f6nl\u00fc h\u0131r\u00e7\u0131n bir sava\u015f y\u00fcr\u00fcten d\u00fc\u015fmanlara kar\u015f\u0131 zafer niteli\u011finde oldu\u011funa dikkat \u00e7ekti.<\/p>\n<div id='gallery-1' class='gallery galleryid-7374 gallery-columns-3 gallery-size-thumbnail'><figure class='gallery-item'>\n\t\t\t<div class='gallery-icon landscape'>\n\t\t\t\t<a href='https:\/\/archive.sana.sy\/tr\/?attachment_id=7403'><img loading=\"lazy\" decoding=\"async\" width=\"150\" height=\"79\" src=\"https:\/\/archive.sana.sy\/tr\/wp-content\/uploads\/2014\/08\/fuar-2-150x79.jpg\" class=\"attachment-thumbnail size-thumbnail\" alt=\"\" srcset=\"https:\/\/archive.sana.sy\/tr\/wp-content\/uploads\/2014\/08\/fuar-2-150x79.jpg 150w, https:\/\/archive.sana.sy\/tr\/wp-content\/uploads\/2014\/08\/fuar-2-300x160.jpg 300w, https:\/\/archive.sana.sy\/tr\/wp-content\/uploads\/2014\/08\/fuar-2.jpg 620w\" sizes=\"auto, (max-width: 150px) 100vw, 150px\" \/><\/a>\n\t\t\t<\/div><\/figure><figure class='gallery-item'>\n\t\t\t<div class='gallery-icon landscape'>\n\t\t\t\t<a href='https:\/\/archive.sana.sy\/tr\/?attachment_id=7404'><img loading=\"lazy\" decoding=\"async\" width=\"150\" height=\"79\" src=\"https:\/\/archive.sana.sy\/tr\/wp-content\/uploads\/2014\/08\/fuar-3-150x79.jpg\" class=\"attachment-thumbnail size-thumbnail\" alt=\"\" srcset=\"https:\/\/archive.sana.sy\/tr\/wp-content\/uploads\/2014\/08\/fuar-3-150x79.jpg 150w, https:\/\/archive.sana.sy\/tr\/wp-content\/uploads\/2014\/08\/fuar-3-300x160.jpg 300w, https:\/\/archive.sana.sy\/tr\/wp-content\/uploads\/2014\/08\/fuar-3.jpg 620w\" sizes=\"auto, (max-width: 150px) 100vw, 150px\" \/><\/a>\n\t\t\t<\/div><\/figure><figure class='gallery-item'>\n\t\t\t<div class='gallery-icon landscape'>\n\t\t\t\t<a href='https:\/\/archive.sana.sy\/tr\/?attachment_id=7405'><img loading=\"lazy\" decoding=\"async\" width=\"150\" height=\"79\" src=\"https:\/\/archive.sana.sy\/tr\/wp-content\/uploads\/2014\/08\/fuar-4-150x79.jpg\" class=\"attachment-thumbnail size-thumbnail\" alt=\"\" srcset=\"https:\/\/archive.sana.sy\/tr\/wp-content\/uploads\/2014\/08\/fuar-4-150x79.jpg 150w, https:\/\/archive.sana.sy\/tr\/wp-content\/uploads\/2014\/08\/fuar-4-300x160.jpg 300w, https:\/\/archive.sana.sy\/tr\/wp-content\/uploads\/2014\/08\/fuar-4.jpg 620w\" sizes=\"auto, (max-width: 150px) 100vw, 150px\" \/><\/a>\n\t\t\t<\/div><\/figure><figure class='gallery-item'>\n\t\t\t<div class='gallery-icon landscape'>\n\t\t\t\t<a href='https:\/\/archive.sana.sy\/tr\/?attachment_id=7406'><img loading=\"lazy\" decoding=\"async\" width=\"150\" height=\"79\" src=\"https:\/\/archive.sana.sy\/tr\/wp-content\/uploads\/2014\/08\/fuar-6-150x79.jpg\" class=\"attachment-thumbnail size-thumbnail\" alt=\"\" srcset=\"https:\/\/archive.sana.sy\/tr\/wp-content\/uploads\/2014\/08\/fuar-6-150x79.jpg 150w, https:\/\/archive.sana.sy\/tr\/wp-content\/uploads\/2014\/08\/fuar-6-300x160.jpg 300w, https:\/\/archive.sana.sy\/tr\/wp-content\/uploads\/2014\/08\/fuar-6.jpg 620w\" sizes=\"auto, (max-width: 150px) 100vw, 150px\" \/><\/a>\n\t\t\t<\/div><\/figure><figure class='gallery-item'>\n\t\t\t<div class='gallery-icon landscape'>\n\t\t\t\t<a href='https:\/\/archive.sana.sy\/tr\/?attachment_id=7407'><img loading=\"lazy\" decoding=\"async\" width=\"150\" height=\"79\" src=\"https:\/\/archive.sana.sy\/tr\/wp-content\/uploads\/2014\/08\/fuar-7-150x79.jpg\" class=\"attachment-thumbnail size-thumbnail\" alt=\"\" srcset=\"https:\/\/archive.sana.sy\/tr\/wp-content\/uploads\/2014\/08\/fuar-7-150x79.jpg 150w, https:\/\/archive.sana.sy\/tr\/wp-content\/uploads\/2014\/08\/fuar-7-300x160.jpg 300w, https:\/\/archive.sana.sy\/tr\/wp-content\/uploads\/2014\/08\/fuar-7.jpg 620w\" sizes=\"auto, (max-width: 150px) 100vw, 150px\" \/><\/a>\n\t\t\t<\/div><\/figure><figure class='gallery-item'>\n\t\t\t<div class='gallery-icon landscape'>\n\t\t\t\t<a href='https:\/\/archive.sana.sy\/tr\/?attachment_id=7408'><img loading=\"lazy\" decoding=\"async\" width=\"150\" height=\"79\" src=\"https:\/\/archive.sana.sy\/tr\/wp-content\/uploads\/2014\/08\/fuar-8-150x79.jpg\" class=\"attachment-thumbnail size-thumbnail\" alt=\"\" srcset=\"https:\/\/archive.sana.sy\/tr\/wp-content\/uploads\/2014\/08\/fuar-8-150x79.jpg 150w, https:\/\/archive.sana.sy\/tr\/wp-content\/uploads\/2014\/08\/fuar-8-300x160.jpg 300w, https:\/\/archive.sana.sy\/tr\/wp-content\/uploads\/2014\/08\/fuar-8.jpg 620w\" sizes=\"auto, (max-width: 150px) 100vw, 150px\" \/><\/a>\n\t\t\t<\/div><\/figure><figure class='gallery-item'>\n\t\t\t<div class='gallery-icon landscape'>\n\t\t\t\t<a href='https:\/\/archive.sana.sy\/tr\/?attachment_id=7409'><img loading=\"lazy\" decoding=\"async\" width=\"150\" height=\"79\" src=\"https:\/\/archive.sana.sy\/tr\/wp-content\/uploads\/2014\/08\/fuar-9-150x79.jpg\" class=\"attachment-thumbnail size-thumbnail\" alt=\"\" srcset=\"https:\/\/archive.sana.sy\/tr\/wp-content\/uploads\/2014\/08\/fuar-9-150x79.jpg 150w, https:\/\/archive.sana.sy\/tr\/wp-content\/uploads\/2014\/08\/fuar-9-300x160.jpg 300w, https:\/\/archive.sana.sy\/tr\/wp-content\/uploads\/2014\/08\/fuar-9.jpg 620w\" sizes=\"auto, (max-width: 150px) 100vw, 150px\" \/><\/a>\n\t\t\t<\/div><\/figure>\n\t\t<\/div>\n\n","protected":false},"excerpt":{"rendered":"<p>BEYRUT \u2013 Giyim tekstil sekt\u00f6r\u00fcnde uzman Syria MOTEX 2 Fuar\u0131 bug\u00fcn Suriyeli 260 \u015firketin kat\u0131l\u0131m\u0131yla L\u00fcbnan&#8217;\u0131n ba\u015fkenti Beyrut\u2019ta faaliyetlerine ba\u015flad\u0131. Arap ve uluslararas\u0131 yo\u011fun bir ilgi g\u00f6ren fuar 18 A\u011fustos tarihine dek ziyaret\u00e7ilere a\u00e7\u0131k olacak. Sanayi Bakan\u0131 H\u0131z\u0131r Urfal\u0131; gerek yurti\u00e7inde gerekse yurtd\u0131\u015f\u0131nda d\u00fczenlenen Suriyeli fuarlar\u0131n, \u00fc\u00e7 y\u0131ldan fazla bir s\u00fcredir Suriye ve halk\u0131na muhtelif &hellip;<\/p>\n","protected":false},"author":1,"featured_media":7401,"comment_status":"closed","ping_status":"closed","sticky":false,"template":"","format":"standard","meta":{"footnotes":""},"categories":[485,486,584],"tags":[1650],"class_list":["post-7374","post","type-post","status-publish","format-standard","has-post-thumbnail","","category-is-ve-sermaye","category-haberler-is-ve-sermaye","category-yurtdisinda-sana-ofisleri","tag-syria-motex-2-fuari-suriyeli-260-sirketin-katilimiyla-basladi"],"_links":{"self":[{"href":"https:\/\/archive.sana.sy\/tr\/index.php?rest_route=\/wp\/v2\/posts\/7374","targetHints":{"allow":["GET"]}}],"collection":[{"href":"https:\/\/archive.sana.sy\/tr\/index.php?rest_route=\/wp\/v2\/posts"}],"about":[{"href":"https:\/\/archive.sana.sy\/tr\/index.php?rest_route=\/wp\/v2\/types\/post"}],"author":[{"embeddable":true,"href":"https:\/\/archive.sana.sy\/tr\/index.php?rest_route=\/wp\/v2\/users\/1"}],"replies":[{"embeddable":true,"href":"https:\/\/archive.sana.sy\/tr\/index.php?rest_route=%2Fwp%2Fv2%2Fcomments&post=7374"}],"version-history":[{"count":0,"href":"https:\/\/archive.sana.sy\/tr\/index.php?rest_route=\/wp\/v2\/posts\/7374\/revisions"}],"wp:featuredmedia":[{"embeddable":true,"href":"https:\/\/archive.sana.sy\/tr\/index.php?rest_route=\/wp\/v2\/media\/7401"}],"wp:attachment":[{"href":"https:\/\/archive.sana.sy\/tr\/index.php?rest_route=%2Fwp%2Fv2%2Fmedia&parent=7374"}],"wp:term":[{"taxonomy":"category","embeddable":true,"href":"https:\/\/archive.sana.sy\/tr\/index.php?rest_route=%2Fwp%2Fv2%2Fcategories&post=7374"},{"taxonomy":"post_tag","embeddable":true,"href":"https:\/\/archive.sana.sy\/tr\/index.php?rest_route=%2Fwp%2Fv2%2Ftags&post=7374"}],"curies":[{"name":"wp","href":"https:\/\/api.w.org\/{rel}","templated":true}]}}