{"id":73829,"date":"2016-05-23T11:47:12","date_gmt":"2016-05-23T08:47:12","guid":{"rendered":"http:\/\/www.sana.sy\/tr\/?p=73829"},"modified":"2016-05-23T11:47:12","modified_gmt":"2016-05-23T08:47:12","slug":"lazkiye-el-emniyet-mudurlugunde-yetkili-bir-kaynak-sanaya-aciklamasinda-lazkiye-iline-tabi-ceble-kentinde-bugun-meydana-gelen-ve-savunmasiz-sivil-insanlari-hedef-alan-bombali-teror-eylemlerin","status":"publish","type":"post","link":"https:\/\/archive.sana.sy\/tr\/?p=73829","title":{"rendered":"Lazkiye El Emniyet M\u00fcd\u00fcrl\u00fc\u011f\u00fcnde yetkili bir kaynak SANA\u2019ya a\u00e7\u0131klamas\u0131nda Lazkiye iline tabi Ceble Kentinde bug\u00fcn meydana gelen ve savunmas\u0131z sivil insanlar\u0131 hedef alan bombal\u0131 ter\u00f6r eylemlerin ilk bilan\u00e7osunun 45 \u015fehit, bir\u00e7o\u011fu a\u011f\u0131r olmak \u00fczere \u00e7ok say\u0131da yaral\u0131 oldu\u011funu belirtti"},"content":{"rendered":"<p>Lazkiye El Emniyet M\u00fcd\u00fcrl\u00fc\u011f\u00fcnde yetkili bir kaynak SANA\u2019ya a\u00e7\u0131klamas\u0131nda Lazkiye iline tabi Ceble Kentinde bug\u00fcn meydana gelen ve savunmas\u0131z sivil insanlar\u0131 hedef alan bombal\u0131 ter\u00f6r eylemlerin ilk bilan\u00e7osunun 45 \u015fehit, bir\u00e7o\u011fu a\u011f\u0131r olmak \u00fczere \u00e7ok say\u0131da yaral\u0131 oldu\u011funu belirtti<\/p>\n","protected":false},"excerpt":{"rendered":"<p>Lazkiye El Emniyet M\u00fcd\u00fcrl\u00fc\u011f\u00fcnde yetkili bir kaynak SANA\u2019ya a\u00e7\u0131klamas\u0131nda Lazkiye iline tabi Ceble Kentinde bug\u00fcn meydana gelen ve savunmas\u0131z sivil insanlar\u0131 hedef alan bombal\u0131 ter\u00f6r eylemlerin ilk bilan\u00e7osunun 45 \u015fehit, bir\u00e7o\u011fu a\u011f\u0131r olmak \u00fczere \u00e7ok say\u0131da yaral\u0131 oldu\u011funu belirtti<\/p>\n","protected":false},"author":1,"featured_media":0,"comment_status":"closed","ping_status":"closed","sticky":false,"template":"","format":"standard","meta":{"footnotes":""},"categories":[17991],"tags":[],"class_list":["post-73829","post","type-post","status-publish","format-standard","","category-son-dakika"],"_links":{"self":[{"href":"https:\/\/archive.sana.sy\/tr\/index.php?rest_route=\/wp\/v2\/posts\/73829","targetHints":{"allow":["GET"]}}],"collection":[{"href":"https:\/\/archive.sana.sy\/tr\/index.php?rest_route=\/wp\/v2\/posts"}],"about":[{"href":"https:\/\/archive.sana.sy\/tr\/index.php?rest_route=\/wp\/v2\/types\/post"}],"author":[{"embeddable":true,"href":"https:\/\/archive.sana.sy\/tr\/index.php?rest_route=\/wp\/v2\/users\/1"}],"replies":[{"embeddable":true,"href":"https:\/\/archive.sana.sy\/tr\/index.php?rest_route=%2Fwp%2Fv2%2Fcomments&post=73829"}],"version-history":[{"count":0,"href":"https:\/\/archive.sana.sy\/tr\/index.php?rest_route=\/wp\/v2\/posts\/73829\/revisions"}],"wp:attachment":[{"href":"https:\/\/archive.sana.sy\/tr\/index.php?rest_route=%2Fwp%2Fv2%2Fmedia&parent=73829"}],"wp:term":[{"taxonomy":"category","embeddable":true,"href":"https:\/\/archive.sana.sy\/tr\/index.php?rest_route=%2Fwp%2Fv2%2Fcategories&post=73829"},{"taxonomy":"post_tag","embeddable":true,"href":"https:\/\/archive.sana.sy\/tr\/index.php?rest_route=%2Fwp%2Fv2%2Ftags&post=73829"}],"curies":[{"name":"wp","href":"https:\/\/api.w.org\/{rel}","templated":true}]}}