{"id":73847,"date":"2016-05-23T11:23:44","date_gmt":"2016-05-23T08:23:44","guid":{"rendered":"http:\/\/www.sana.sy\/tr\/?p=73847"},"modified":"2016-05-24T15:20:20","modified_gmt":"2016-05-24T12:20:20","slug":"sivilleri-hedef-alan-gelisiguzel-saldirilar-devam-ediyor","status":"publish","type":"post","link":"https:\/\/archive.sana.sy\/tr\/?p=73847","title":{"rendered":"Sivilleri Hedef Alan Geli\u015fig\u00fczel Sald\u0131r\u0131lar Devam Ediyor (video)"},"content":{"rendered":"<p>\u0130LLER \u2013 Erdo\u011fan ve Al Suud rejimlerine tabi ter\u00f6ristler savunmas\u0131z sivil yerle\u015fim alanlar\u0131na geli\u015fig\u00fczel sald\u0131r\u0131lar\u0131n\u0131 bug\u00fcn de s\u00fcrd\u00fcrerek aralar\u0131nda \u00e7ocuk ve kad\u0131nlar\u0131n bulundu\u011fu bir\u00e7ok vatanda\u015f\u0131n \u015fehit ve yaral\u0131 d\u00fc\u015fmelerine yol a\u00e7t\u0131.<\/p>\n<p><span style=\"color: #0000ff\">HALEP:<\/span><\/p>\n<p>Halep Emniyet M\u00fcd\u00fcrl\u00fc\u011f\u00fcnde yetkili bir kaynak SANA\u2019ya a\u00e7\u0131klamas\u0131nda ter\u00f6ristlerin Halep Kentinin yerle\u015fim alanlar\u0131ndan Bostan el Zehra Semtini f\u00fczelerle hedef almalar\u0131 sonucunda 1 kad\u0131n\u0131n \u015fehit, 3 vatanda\u015f\u0131n da yaral\u0131 d\u00fc\u015ft\u00fc\u011f\u00fcn\u00fc aktard\u0131.<\/p>\n<p><span style=\"color: #0000ff\">\u0130DL\u0130B:<\/span><\/p>\n<p>Di\u011fer yandan \u0130dlib ve k\u0131rsal\u0131nda yine Erdo\u011fan ve Al Suud rejimlerinin destek ve komutalar\u0131nda vah\u015fet sa\u00e7an ter\u00f6r \u00f6rg\u00fctleri iki y\u0131ldan fazla s\u00fcredir s\u0131k\u0131 ablukaya alm\u0131\u015f olduklar\u0131 Kefrayya Beldesine f\u00fczelerle sald\u0131rd\u0131.<\/p>\n<p>\u0130dlib Knetinin yakla\u015f\u0131k 8 km kuzeyine d\u00fc\u015fen Beldede yerel kaynaklar SANA ile telefon ba\u011flant\u0131s\u0131nda Maartamsarin Beldesinde bulunan Erdo\u011fan \u00e7eteleri ter\u00f6ristlerin beldeyi 11 f\u00fczeyle hedef ald\u0131klar\u0131n\u0131 aktard\u0131. Kaynaklar geli\u015fig\u00fczel hain sald\u0131r\u0131larda bir kad\u0131n ve gen\u00e7 bir erke\u011fin \u015fehit d\u00fc\u015ft\u00fcklerini, aralar\u0131nda 2 kad\u0131n\u0131n bulundu\u011fu 6 vatanda\u015f\u0131n da yaraland\u0131klar\u0131n\u0131 belirtti.<\/p>\n<p><span style=\"color: #0000ff\">DERA:<\/span><\/p>\n<p>\u0130srail destekli ter\u00f6ristlerin d\u00fcn Dera kentinin sivil yerle\u015fim alanlar\u0131ndan Sahari ve Ka\u015fif Semtlerini f\u00fczelerle hedef almalar\u0131 sonucunda 3 \u00e7ocuk yaralanm\u0131\u015ft\u0131.<\/p>\n<p>https:\/\/www.youtube.com\/watch?time_continue=2&#038;v=fSbYZfgaObo<\/p>\n","protected":false},"excerpt":{"rendered":"<p>\u0130LLER \u2013 Erdo\u011fan ve Al Suud rejimlerine tabi ter\u00f6ristler savunmas\u0131z sivil yerle\u015fim alanlar\u0131na geli\u015fig\u00fczel sald\u0131r\u0131lar\u0131n\u0131 bug\u00fcn de s\u00fcrd\u00fcrerek aralar\u0131nda \u00e7ocuk ve kad\u0131nlar\u0131n bulundu\u011fu bir\u00e7ok vatanda\u015f\u0131n \u015fehit ve yaral\u0131 d\u00fc\u015fmelerine yol a\u00e7t\u0131. HALEP: Halep Emniyet M\u00fcd\u00fcrl\u00fc\u011f\u00fcnde yetkili bir kaynak SANA\u2019ya a\u00e7\u0131klamas\u0131nda ter\u00f6ristlerin Halep Kentinin yerle\u015fim alanlar\u0131ndan Bostan el Zehra Semtini f\u00fczelerle hedef almalar\u0131 sonucunda 1 kad\u0131n\u0131n &hellip;<\/p>\n","protected":false},"author":1,"featured_media":69964,"comment_status":"closed","ping_status":"closed","sticky":false,"template":"","format":"standard","meta":{"footnotes":""},"categories":[479,575,17988,478],"tags":[3464,21296,18237,18066,17606,18344,5010,15945,18347,18674,19034],"class_list":["post-73847","post","type-post","status-publish","format-standard","has-post-thumbnail","","category-haberler-yerel","category-olaylar-ve-gercekler","category-son-haberler","category-yerel","tag-nusra-cephesi","tag-cehennem-topu","tag-cihatcilar","tag-erdogan-rejimi","tag-fuze-saldirilari","tag-gelisiguzel-saldirilar","tag-havan-saldirilari","tag-ilimli-muhalifler","tag-oso","tag-silahli-muhalifler","tag-suriyeli-muhalifler"],"_links":{"self":[{"href":"https:\/\/archive.sana.sy\/tr\/index.php?rest_route=\/wp\/v2\/posts\/73847","targetHints":{"allow":["GET"]}}],"collection":[{"href":"https:\/\/archive.sana.sy\/tr\/index.php?rest_route=\/wp\/v2\/posts"}],"about":[{"href":"https:\/\/archive.sana.sy\/tr\/index.php?rest_route=\/wp\/v2\/types\/post"}],"author":[{"embeddable":true,"href":"https:\/\/archive.sana.sy\/tr\/index.php?rest_route=\/wp\/v2\/users\/1"}],"replies":[{"embeddable":true,"href":"https:\/\/archive.sana.sy\/tr\/index.php?rest_route=%2Fwp%2Fv2%2Fcomments&post=73847"}],"version-history":[{"count":0,"href":"https:\/\/archive.sana.sy\/tr\/index.php?rest_route=\/wp\/v2\/posts\/73847\/revisions"}],"wp:featuredmedia":[{"embeddable":true,"href":"https:\/\/archive.sana.sy\/tr\/index.php?rest_route=\/wp\/v2\/media\/69964"}],"wp:attachment":[{"href":"https:\/\/archive.sana.sy\/tr\/index.php?rest_route=%2Fwp%2Fv2%2Fmedia&parent=73847"}],"wp:term":[{"taxonomy":"category","embeddable":true,"href":"https:\/\/archive.sana.sy\/tr\/index.php?rest_route=%2Fwp%2Fv2%2Fcategories&post=73847"},{"taxonomy":"post_tag","embeddable":true,"href":"https:\/\/archive.sana.sy\/tr\/index.php?rest_route=%2Fwp%2Fv2%2Ftags&post=73847"}],"curies":[{"name":"wp","href":"https:\/\/api.w.org\/{rel}","templated":true}]}}