{"id":73862,"date":"2016-05-23T10:49:47","date_gmt":"2016-05-23T07:49:47","guid":{"rendered":"http:\/\/www.sana.sy\/tr\/?p=73862"},"modified":"2016-05-23T13:21:31","modified_gmt":"2016-05-23T10:21:31","slug":"icisleri-bakanliginda-yetkili-bir-kaynak-sanaya-aciklamasinda-tartus-kentinde-meydana-gelen-3-bombali-teror-eyleminde-aralarinda-cocuk-ve-kadinlarin-bulundugu-20den-fazla-vatandasin","status":"publish","type":"post","link":"https:\/\/archive.sana.sy\/tr\/?p=73862","title":{"rendered":"\u0130\u00e7i\u015fleri Bakanl\u0131\u011f\u0131nda yetkili bir kaynak SANA\u2019ya a\u00e7\u0131klamas\u0131nda Tartus Kentinde meydana gelen 3 bombal\u0131 ter\u00f6r eyleminde aralar\u0131nda \u00e7ocuk ve kad\u0131nlar\u0131n bulundu\u011fu 20\u2019den fazla vatanda\u015f\u0131n \u015fehit, \u00e7ok say\u0131da vatanda\u015f\u0131n da yaral\u0131 d\u00fc\u015fmesine yol a\u00e7t\u0131klar\u0131n\u0131 a\u00e7\u0131klad\u0131"},"content":{"rendered":"<p>\u0130\u00e7i\u015fleri Bakanl\u0131\u011f\u0131nda yetkili bir kaynak SANA\u2019ya a\u00e7\u0131klamas\u0131nda Tartus Kentinde meydana gelen 3 bombal\u0131 ter\u00f6r eyleminde aralar\u0131nda \u00e7ocuk ve kad\u0131nlar\u0131n bulundu\u011fu 20\u2019den fazla vatanda\u015f\u0131n \u015fehit, \u00e7ok say\u0131da vatanda\u015f\u0131n da yaral\u0131 d\u00fc\u015fmesine yol a\u00e7t\u0131klar\u0131n\u0131 a\u00e7\u0131klad\u0131<\/p>\n","protected":false},"excerpt":{"rendered":"<p>\u0130\u00e7i\u015fleri Bakanl\u0131\u011f\u0131nda yetkili bir kaynak SANA\u2019ya a\u00e7\u0131klamas\u0131nda Tartus Kentinde meydana gelen 3 bombal\u0131 ter\u00f6r eyleminde aralar\u0131nda \u00e7ocuk ve kad\u0131nlar\u0131n bulundu\u011fu 20\u2019den fazla vatanda\u015f\u0131n \u015fehit, \u00e7ok say\u0131da vatanda\u015f\u0131n da yaral\u0131 d\u00fc\u015fmesine yol a\u00e7t\u0131klar\u0131n\u0131 a\u00e7\u0131klad\u0131<\/p>\n","protected":false},"author":1,"featured_media":0,"comment_status":"closed","ping_status":"closed","sticky":false,"template":"","format":"standard","meta":{"footnotes":""},"categories":[17991],"tags":[],"class_list":["post-73862","post","type-post","status-publish","format-standard","","category-son-dakika"],"_links":{"self":[{"href":"https:\/\/archive.sana.sy\/tr\/index.php?rest_route=\/wp\/v2\/posts\/73862","targetHints":{"allow":["GET"]}}],"collection":[{"href":"https:\/\/archive.sana.sy\/tr\/index.php?rest_route=\/wp\/v2\/posts"}],"about":[{"href":"https:\/\/archive.sana.sy\/tr\/index.php?rest_route=\/wp\/v2\/types\/post"}],"author":[{"embeddable":true,"href":"https:\/\/archive.sana.sy\/tr\/index.php?rest_route=\/wp\/v2\/users\/1"}],"replies":[{"embeddable":true,"href":"https:\/\/archive.sana.sy\/tr\/index.php?rest_route=%2Fwp%2Fv2%2Fcomments&post=73862"}],"version-history":[{"count":0,"href":"https:\/\/archive.sana.sy\/tr\/index.php?rest_route=\/wp\/v2\/posts\/73862\/revisions"}],"wp:attachment":[{"href":"https:\/\/archive.sana.sy\/tr\/index.php?rest_route=%2Fwp%2Fv2%2Fmedia&parent=73862"}],"wp:term":[{"taxonomy":"category","embeddable":true,"href":"https:\/\/archive.sana.sy\/tr\/index.php?rest_route=%2Fwp%2Fv2%2Fcategories&post=73862"},{"taxonomy":"post_tag","embeddable":true,"href":"https:\/\/archive.sana.sy\/tr\/index.php?rest_route=%2Fwp%2Fv2%2Ftags&post=73862"}],"curies":[{"name":"wp","href":"https:\/\/api.w.org\/{rel}","templated":true}]}}