{"id":73866,"date":"2016-05-23T14:01:15","date_gmt":"2016-05-23T11:01:15","guid":{"rendered":"http:\/\/www.sana.sy\/tr\/?p=73866"},"modified":"2016-05-24T15:20:05","modified_gmt":"2016-05-24T12:20:05","slug":"sorumluluk-teroru-destekleyen-rejimlere-dusuyor","status":"publish","type":"post","link":"https:\/\/archive.sana.sy\/tr\/?p=73866","title":{"rendered":"Sorumluluk Ter\u00f6r\u00fc Destekleyen Rejimlere D\u00fc\u015f\u00fcyor"},"content":{"rendered":"<p>\u015eAM \u2013 Bakanlar Konseyi bug\u00fcn Tartus Kentinin yan\u0131 s\u0131ra Lazkiye \u0130line tabi Ceble Kenti ve Haseke \u0130line tabi Kam\u0131\u015fl\u0131 Kentinde meydana gelen bombal\u0131 ter\u00f6r eylemlerine ek olarak Halep ve Dera\u2019da yine sivilleri hedef alan geli\u015fig\u00fczel f\u00fcze sald\u0131r\u0131lar\u0131n\u0131 keskin bir dille k\u0131nad\u0131.<\/p>\n<p>Ba\u015fbakan Vail el Halaki bir n\u00fcshas\u0131n\u0131n SANA\u2019ya ula\u015ft\u0131r\u0131ld\u0131\u011f\u0131 h\u00fck\u00fcmet beyan\u0131nda; bu insanl\u0131k d\u0131\u015f\u0131 ter\u00f6r sald\u0131r\u0131lar\u0131nda aralar\u0131nda \u00e7ocuk ve kad\u0131nlar\u0131n bulundu\u011fu onlarca vatanda\u015f\u0131n \u015fehit ve yaral\u0131 d\u00fc\u015ft\u00fcklerine dikkat \u00e7ekti.<\/p>\n<p>Beyanda t\u00fcm bu sald\u0131r\u0131lar\u0131n \u2018\u0131l\u0131ml\u0131 muhalifler\u2019 ya da benzeri isimler alt\u0131nda destekledikleri \u00e7okuluslu tekfirci ter\u00f6ristleri y\u00f6nlendiren rejimlerin talimatlar\u0131yla ger\u00e7ekle\u015ftirildi\u011fine vurgu yap\u0131ld\u0131.<\/p>\n<p>Savunmas\u0131z sivilleri hedef alan sald\u0131r\u0131lardan ordu birliklerimizin ter\u00f6re kar\u015f\u0131 ba\u015far\u0131lar\u0131na g\u00f6lge d\u00fc\u015f\u00fcrmek oldu\u011funu ifade eden h\u00fck\u00fcmet, ayn\u0131 zamanda Suriye ordusunun kar\u015f\u0131s\u0131nda ciddi kay\u0131p ve \u00e7\u00f6k\u00fc\u015fler ya\u015fayan ter\u00f6r \u00e7etelerine moral deste\u011fi ama\u00e7l\u0131 oldu\u011funu ifade etti.<\/p>\n<p>H\u00fck\u00fcmet sivillere y\u00f6nelik bu vah\u015fetin t\u00fcm sorumlulu\u011funu ba\u015fta T\u00fcrkiye ve Suudi Arabistan rejimleri olmak \u00fczere ter\u00f6re her t\u00fcrl\u00fc deste\u011fi temin eden devletler ve bu destek kar\u015f\u0131s\u0131nda sessiz kal\u0131p g\u00f6z yuman uluslar aras\u0131 topluma y\u00fckledi.<\/p>\n<p><span style=\"color: #0000ff\">Hezimetlerine Bir Kan\u0131tt\u0131r<\/span><\/p>\n<p>Enformasyon Bakan\u0131 Omran el Zoubi ise Haber Televizyonu ile telefon ba\u011flant\u0131s\u0131nda; bu gibi gaddar ter\u00f6r eylemlerin, ter\u00f6r \u00e7eteleri ve onlar\u0131 destekleyen taraflar\u0131n Suriye halk\u0131 ve ordusunun azimeti \u00f6n\u00fcndeki hezimetlerini kan\u0131tlad\u0131\u011f\u0131n\u0131 belirtti.<\/p>\n<p>Bakan Zoubi efendileri Erdo\u011fan ve Al Suud rejimlerinin talimatlar\u0131yla ger\u00e7ekle\u015ftirdikleri bu vah\u015fetlerin ger\u00e7ek \u00e7at\u0131\u015fmadan ka\u00e7arak \u00e7aresizliklerini savunmas\u0131z sivil insanlara kar\u015f\u0131 gaddar eylemlerle telafi etmeye \u00e7al\u0131\u015ft\u0131klar\u0131n\u0131 ortaya koydu\u011funu ifade etti. Bu gibi eylemlerin ayn\u0131 zamanda ter\u00f6r \u00f6rg\u00fctlerin ger\u00e7e\u011fini ve vah\u015fetini net bir \u015fekilde yans\u0131tt\u0131\u011f\u0131n\u0131 ifade eden Zoubi; ayn\u0131 zamanda muhtelif isimlerine ra\u011fmen ter\u00f6r ve vah\u015fette aralar\u0131nda hi\u00e7bir fark\u0131n bulunmad\u0131\u011f\u0131n\u0131 da kan\u0131tlad\u0131\u011f\u0131na dikkat \u00e7ekti.<\/p>\n","protected":false},"excerpt":{"rendered":"<p>\u015eAM \u2013 Bakanlar Konseyi bug\u00fcn Tartus Kentinin yan\u0131 s\u0131ra Lazkiye \u0130line tabi Ceble Kenti ve Haseke \u0130line tabi Kam\u0131\u015fl\u0131 Kentinde meydana gelen bombal\u0131 ter\u00f6r eylemlerine ek olarak Halep ve Dera\u2019da yine sivilleri hedef alan geli\u015fig\u00fczel f\u00fcze sald\u0131r\u0131lar\u0131n\u0131 keskin bir dille k\u0131nad\u0131. Ba\u015fbakan Vail el Halaki bir n\u00fcshas\u0131n\u0131n SANA\u2019ya ula\u015ft\u0131r\u0131ld\u0131\u011f\u0131 h\u00fck\u00fcmet beyan\u0131nda; bu insanl\u0131k d\u0131\u015f\u0131 ter\u00f6r &hellip;<\/p>\n","protected":false},"author":1,"featured_media":73868,"comment_status":"closed","ping_status":"closed","sticky":false,"template":"","format":"standard","meta":{"footnotes":""},"categories":[479,17988,478],"tags":[17015,10238,19119,21298,17013,21297],"class_list":["post-73866","post","type-post","status-publish","format-standard","has-post-thumbnail","","category-haberler-yerel","category-son-haberler","category-yerel","tag-bakanlar-konseyi","tag-basbakan-vail-el-halaki","tag-bombali-teror-eylemi","tag-ceblede-bombali-eylem","tag-hukumet","tag-tartusta-bombali-eylem"],"_links":{"self":[{"href":"https:\/\/archive.sana.sy\/tr\/index.php?rest_route=\/wp\/v2\/posts\/73866","targetHints":{"allow":["GET"]}}],"collection":[{"href":"https:\/\/archive.sana.sy\/tr\/index.php?rest_route=\/wp\/v2\/posts"}],"about":[{"href":"https:\/\/archive.sana.sy\/tr\/index.php?rest_route=\/wp\/v2\/types\/post"}],"author":[{"embeddable":true,"href":"https:\/\/archive.sana.sy\/tr\/index.php?rest_route=\/wp\/v2\/users\/1"}],"replies":[{"embeddable":true,"href":"https:\/\/archive.sana.sy\/tr\/index.php?rest_route=%2Fwp%2Fv2%2Fcomments&post=73866"}],"version-history":[{"count":0,"href":"https:\/\/archive.sana.sy\/tr\/index.php?rest_route=\/wp\/v2\/posts\/73866\/revisions"}],"wp:featuredmedia":[{"embeddable":true,"href":"https:\/\/archive.sana.sy\/tr\/index.php?rest_route=\/wp\/v2\/media\/73868"}],"wp:attachment":[{"href":"https:\/\/archive.sana.sy\/tr\/index.php?rest_route=%2Fwp%2Fv2%2Fmedia&parent=73866"}],"wp:term":[{"taxonomy":"category","embeddable":true,"href":"https:\/\/archive.sana.sy\/tr\/index.php?rest_route=%2Fwp%2Fv2%2Fcategories&post=73866"},{"taxonomy":"post_tag","embeddable":true,"href":"https:\/\/archive.sana.sy\/tr\/index.php?rest_route=%2Fwp%2Fv2%2Ftags&post=73866"}],"curies":[{"name":"wp","href":"https:\/\/api.w.org\/{rel}","templated":true}]}}