{"id":73867,"date":"2016-05-23T10:58:57","date_gmt":"2016-05-23T07:58:57","guid":{"rendered":"http:\/\/www.sana.sy\/tr\/?p=73867"},"modified":"2016-05-23T14:03:08","modified_gmt":"2016-05-23T11:03:08","slug":"bakan-zoubi-efendileri-erdogan-ve-al-suud-rejimlerinin-talimatlariyla-gerceklestirdikleri-bu-vahsetlerin-gercek-catismadan-kacarak-caresizliklerini-savunmasiz-sivil-insanlara-karsi-gaddar-eylemlerle-t","status":"publish","type":"post","link":"https:\/\/archive.sana.sy\/tr\/?p=73867","title":{"rendered":"Bakan Zoubi efendileri Erdo\u011fan ve Al Suud rejimlerinin talimatlar\u0131yla ger\u00e7ekle\u015ftirdikleri bu vah\u015fetlerin ger\u00e7ek \u00e7at\u0131\u015fmadan ka\u00e7arak \u00e7aresizliklerini savunmas\u0131z sivil insanlara kar\u015f\u0131 gaddar eylemlerle telafi etmeye \u00e7al\u0131\u015ft\u0131klar\u0131n\u0131 ortaya koydu\u011funu ifade etti"},"content":{"rendered":"<p>Bakan Zoubi efendileri Erdo\u011fan ve Al Suud rejimlerinin talimatlar\u0131yla ger\u00e7ekle\u015ftirdikleri bu vah\u015fetlerin ger\u00e7ek \u00e7at\u0131\u015fmadan ka\u00e7arak \u00e7aresizliklerini savunmas\u0131z sivil insanlara kar\u015f\u0131 gaddar eylemlerle telafi etmeye \u00e7al\u0131\u015ft\u0131klar\u0131n\u0131 ortaya koydu\u011funu ifade etti<\/p>\n","protected":false},"excerpt":{"rendered":"<p>Bakan Zoubi efendileri Erdo\u011fan ve Al Suud rejimlerinin talimatlar\u0131yla ger\u00e7ekle\u015ftirdikleri bu vah\u015fetlerin ger\u00e7ek \u00e7at\u0131\u015fmadan ka\u00e7arak \u00e7aresizliklerini savunmas\u0131z sivil insanlara kar\u015f\u0131 gaddar eylemlerle telafi etmeye \u00e7al\u0131\u015ft\u0131klar\u0131n\u0131 ortaya koydu\u011funu ifade etti<\/p>\n","protected":false},"author":1,"featured_media":0,"comment_status":"closed","ping_status":"closed","sticky":false,"template":"","format":"standard","meta":{"footnotes":""},"categories":[17991],"tags":[],"class_list":["post-73867","post","type-post","status-publish","format-standard","","category-son-dakika"],"_links":{"self":[{"href":"https:\/\/archive.sana.sy\/tr\/index.php?rest_route=\/wp\/v2\/posts\/73867","targetHints":{"allow":["GET"]}}],"collection":[{"href":"https:\/\/archive.sana.sy\/tr\/index.php?rest_route=\/wp\/v2\/posts"}],"about":[{"href":"https:\/\/archive.sana.sy\/tr\/index.php?rest_route=\/wp\/v2\/types\/post"}],"author":[{"embeddable":true,"href":"https:\/\/archive.sana.sy\/tr\/index.php?rest_route=\/wp\/v2\/users\/1"}],"replies":[{"embeddable":true,"href":"https:\/\/archive.sana.sy\/tr\/index.php?rest_route=%2Fwp%2Fv2%2Fcomments&post=73867"}],"version-history":[{"count":0,"href":"https:\/\/archive.sana.sy\/tr\/index.php?rest_route=\/wp\/v2\/posts\/73867\/revisions"}],"wp:attachment":[{"href":"https:\/\/archive.sana.sy\/tr\/index.php?rest_route=%2Fwp%2Fv2%2Fmedia&parent=73867"}],"wp:term":[{"taxonomy":"category","embeddable":true,"href":"https:\/\/archive.sana.sy\/tr\/index.php?rest_route=%2Fwp%2Fv2%2Fcategories&post=73867"},{"taxonomy":"post_tag","embeddable":true,"href":"https:\/\/archive.sana.sy\/tr\/index.php?rest_route=%2Fwp%2Fv2%2Ftags&post=73867"}],"curies":[{"name":"wp","href":"https:\/\/api.w.org\/{rel}","templated":true}]}}