{"id":73875,"date":"2016-05-23T11:15:22","date_gmt":"2016-05-23T08:15:22","guid":{"rendered":"http:\/\/www.sana.sy\/tr\/?p=73875"},"modified":"2016-05-23T14:04:18","modified_gmt":"2016-05-23T11:04:18","slug":"bakanlar-konseyi-bugun-tartus-kentinin-yani-sira-lazkiye-iline-tabi-ceble-kenti-ve-haseke-iline-tabi-kamisli-kentinde-meydana-gelen-bombali-teror-eylemlerine-ek-olarak-halep-ve-derada-yine-si","status":"publish","type":"post","link":"https:\/\/archive.sana.sy\/tr\/?p=73875","title":{"rendered":"Bakanlar Konseyi bug\u00fcn Tartus Kentinin yan\u0131 s\u0131ra Lazkiye \u0130line tabi Ceble Kenti ve Haseke \u0130line tabi Kam\u0131\u015fl\u0131 Kentinde meydana gelen bombal\u0131 ter\u00f6r eylemlerine ek olarak Halep ve Dera\u2019da yine sivilleri hedef alan geli\u015fig\u00fczel f\u00fcze sald\u0131r\u0131lar\u0131n\u0131 keskin bir dille k\u0131nad\u0131"},"content":{"rendered":"<p>Bakanlar Konseyi bug\u00fcn Tartus Kentinin yan\u0131 s\u0131ra Lazkiye \u0130line tabi Ceble Kenti ve Haseke \u0130line tabi Kam\u0131\u015fl\u0131 Kentinde meydana gelen bombal\u0131 ter\u00f6r eylemlerine ek olarak Halep ve Dera\u2019da yine sivilleri hedef alan geli\u015fig\u00fczel f\u00fcze sald\u0131r\u0131lar\u0131n\u0131 keskin bir dille k\u0131nad\u0131<\/p>\n","protected":false},"excerpt":{"rendered":"<p>Bakanlar Konseyi bug\u00fcn Tartus Kentinin yan\u0131 s\u0131ra Lazkiye \u0130line tabi Ceble Kenti ve Haseke \u0130line tabi Kam\u0131\u015fl\u0131 Kentinde meydana gelen bombal\u0131 ter\u00f6r eylemlerine ek olarak Halep ve Dera\u2019da yine sivilleri hedef alan geli\u015fig\u00fczel f\u00fcze sald\u0131r\u0131lar\u0131n\u0131 keskin bir dille k\u0131nad\u0131<\/p>\n","protected":false},"author":1,"featured_media":0,"comment_status":"closed","ping_status":"closed","sticky":false,"template":"","format":"standard","meta":{"footnotes":""},"categories":[17991],"tags":[],"class_list":["post-73875","post","type-post","status-publish","format-standard","","category-son-dakika"],"_links":{"self":[{"href":"https:\/\/archive.sana.sy\/tr\/index.php?rest_route=\/wp\/v2\/posts\/73875","targetHints":{"allow":["GET"]}}],"collection":[{"href":"https:\/\/archive.sana.sy\/tr\/index.php?rest_route=\/wp\/v2\/posts"}],"about":[{"href":"https:\/\/archive.sana.sy\/tr\/index.php?rest_route=\/wp\/v2\/types\/post"}],"author":[{"embeddable":true,"href":"https:\/\/archive.sana.sy\/tr\/index.php?rest_route=\/wp\/v2\/users\/1"}],"replies":[{"embeddable":true,"href":"https:\/\/archive.sana.sy\/tr\/index.php?rest_route=%2Fwp%2Fv2%2Fcomments&post=73875"}],"version-history":[{"count":0,"href":"https:\/\/archive.sana.sy\/tr\/index.php?rest_route=\/wp\/v2\/posts\/73875\/revisions"}],"wp:attachment":[{"href":"https:\/\/archive.sana.sy\/tr\/index.php?rest_route=%2Fwp%2Fv2%2Fmedia&parent=73875"}],"wp:term":[{"taxonomy":"category","embeddable":true,"href":"https:\/\/archive.sana.sy\/tr\/index.php?rest_route=%2Fwp%2Fv2%2Fcategories&post=73875"},{"taxonomy":"post_tag","embeddable":true,"href":"https:\/\/archive.sana.sy\/tr\/index.php?rest_route=%2Fwp%2Fv2%2Ftags&post=73875"}],"curies":[{"name":"wp","href":"https:\/\/api.w.org\/{rel}","templated":true}]}}