{"id":73876,"date":"2016-05-23T11:19:54","date_gmt":"2016-05-23T08:19:54","guid":{"rendered":"http:\/\/www.sana.sy\/tr\/?p=73876"},"modified":"2016-05-23T14:04:49","modified_gmt":"2016-05-23T11:04:49","slug":"basbakan-vail-el-halaki-bir-nushasinin-sanaya-ulastirildigi-hukumet-beyaninda-bu-insanlik-disi-teror-saldirilarinda-aralarinda-cocuk-ve-kadinlarin-bulundugu-onlarca-vatandasin-sehit-ve-yaral","status":"publish","type":"post","link":"https:\/\/archive.sana.sy\/tr\/?p=73876","title":{"rendered":"Ba\u015fbakan Vail el Halaki bir n\u00fcshas\u0131n\u0131n SANA\u2019ya ula\u015ft\u0131r\u0131ld\u0131\u011f\u0131 h\u00fck\u00fcmet beyan\u0131nda; bu insanl\u0131k d\u0131\u015f\u0131 ter\u00f6r sald\u0131r\u0131lar\u0131nda aralar\u0131nda \u00e7ocuk ve kad\u0131nlar\u0131n bulundu\u011fu onlarca vatanda\u015f\u0131n \u015fehit ve yaral\u0131 d\u00fc\u015ft\u00fcklerine dikkat \u00e7ekti"},"content":{"rendered":"<p>Ba\u015fbakan Vail el Halaki bir n\u00fcshas\u0131n\u0131n SANA\u2019ya ula\u015ft\u0131r\u0131ld\u0131\u011f\u0131 h\u00fck\u00fcmet beyan\u0131nda; bu insanl\u0131k d\u0131\u015f\u0131 ter\u00f6r sald\u0131r\u0131lar\u0131nda aralar\u0131nda \u00e7ocuk ve kad\u0131nlar\u0131n bulundu\u011fu onlarca vatanda\u015f\u0131n \u015fehit ve yaral\u0131 d\u00fc\u015ft\u00fcklerine dikkat \u00e7ekti<\/p>\n","protected":false},"excerpt":{"rendered":"<p>Ba\u015fbakan Vail el Halaki bir n\u00fcshas\u0131n\u0131n SANA\u2019ya ula\u015ft\u0131r\u0131ld\u0131\u011f\u0131 h\u00fck\u00fcmet beyan\u0131nda; bu insanl\u0131k d\u0131\u015f\u0131 ter\u00f6r sald\u0131r\u0131lar\u0131nda aralar\u0131nda \u00e7ocuk ve kad\u0131nlar\u0131n bulundu\u011fu onlarca vatanda\u015f\u0131n \u015fehit ve yaral\u0131 d\u00fc\u015ft\u00fcklerine dikkat \u00e7ekti<\/p>\n","protected":false},"author":1,"featured_media":0,"comment_status":"closed","ping_status":"closed","sticky":false,"template":"","format":"standard","meta":{"footnotes":""},"categories":[17991],"tags":[],"class_list":["post-73876","post","type-post","status-publish","format-standard","","category-son-dakika"],"_links":{"self":[{"href":"https:\/\/archive.sana.sy\/tr\/index.php?rest_route=\/wp\/v2\/posts\/73876","targetHints":{"allow":["GET"]}}],"collection":[{"href":"https:\/\/archive.sana.sy\/tr\/index.php?rest_route=\/wp\/v2\/posts"}],"about":[{"href":"https:\/\/archive.sana.sy\/tr\/index.php?rest_route=\/wp\/v2\/types\/post"}],"author":[{"embeddable":true,"href":"https:\/\/archive.sana.sy\/tr\/index.php?rest_route=\/wp\/v2\/users\/1"}],"replies":[{"embeddable":true,"href":"https:\/\/archive.sana.sy\/tr\/index.php?rest_route=%2Fwp%2Fv2%2Fcomments&post=73876"}],"version-history":[{"count":0,"href":"https:\/\/archive.sana.sy\/tr\/index.php?rest_route=\/wp\/v2\/posts\/73876\/revisions"}],"wp:attachment":[{"href":"https:\/\/archive.sana.sy\/tr\/index.php?rest_route=%2Fwp%2Fv2%2Fmedia&parent=73876"}],"wp:term":[{"taxonomy":"category","embeddable":true,"href":"https:\/\/archive.sana.sy\/tr\/index.php?rest_route=%2Fwp%2Fv2%2Fcategories&post=73876"},{"taxonomy":"post_tag","embeddable":true,"href":"https:\/\/archive.sana.sy\/tr\/index.php?rest_route=%2Fwp%2Fv2%2Ftags&post=73876"}],"curies":[{"name":"wp","href":"https:\/\/api.w.org\/{rel}","templated":true}]}}