{"id":73882,"date":"2016-05-23T10:15:33","date_gmt":"2016-05-23T07:15:33","guid":{"rendered":"http:\/\/www.sana.sy\/tr\/?p=73882"},"modified":"2016-05-23T14:25:39","modified_gmt":"2016-05-23T11:25:39","slug":"kamislidaki-sinav-merkezleri-haseke-kentine-tasindi","status":"publish","type":"post","link":"https:\/\/archive.sana.sy\/tr\/?p=73882","title":{"rendered":"Kam\u0131\u015fl\u0131\u2019daki S\u0131nav Merkezleri Haseke Kentine Ta\u015f\u0131nd\u0131"},"content":{"rendered":"<p>HASEKE \u2013 Haseke \u0130l E\u011fitim M\u00fcd\u00fcrl\u00fc\u011f\u00fc bug\u00fcn Kam\u0131\u015fl\u0131 Kentinde belirlenen lise s\u0131nav merkezlerinin t\u00fcm\u00fcn\u00fcn Haseke Kentine ta\u015f\u0131nmas\u0131n\u0131 kararla\u015ft\u0131rd\u0131.<\/p>\n<p>Haseke \u0130l E\u011fitim M\u00fcd\u00fcr\u00fc \u0130lham Sorahan SANA muhabirine a\u00e7\u0131klamas\u0131nda; s\u0131nav ve \u00f6\u011frencilerin selameti a\u00e7\u0131s\u0131ndan Kam\u0131\u015fl\u0131\u2019da bulunan 18 s\u0131nav merkezinin Haseke Kentine al\u0131nma karar\u0131 verildi\u011fini s\u00f6yledi. Sorahan dolay\u0131s\u0131yla Kam\u0131\u015fl\u0131 Kentindeki s\u0131nav merkezlerinde s\u0131nava girecek t\u00fcm \u00f6\u011frencilerin maksimum bir hafta s\u00fcre i\u00e7inde okul idarelerine ba\u015fvuruda bulunmalar\u0131 ve yeni s\u0131nav merkezlerini \u00f6\u011frenmeleri gerekti\u011fini ifade etti.<\/p>\n<p>\u0130lk\u00f6\u011fretim s\u0131navlar\u0131n\u0131n Haseke ve Kam\u0131\u015fl\u0131 kentlerinde gayet normal, sakin ve ba\u015far\u0131l\u0131 bir \u015fekilde seyir etti\u011fini belirten Sorahan; \u015fu ana dek s\u0131nav seyrinde hi\u00e7bir sorunun ya\u015fanmad\u0131\u011f\u0131n\u0131 s\u00f6yledi.<\/p>\n<p>Bu arada yurt genelinde lise s\u0131navlar\u0131n\u0131n 30 May\u0131s ila 15 Haziran tarihleri aras\u0131nda olmas\u0131 bekleniyor.<\/p>\n","protected":false},"excerpt":{"rendered":"<p>HASEKE \u2013 Haseke \u0130l E\u011fitim M\u00fcd\u00fcrl\u00fc\u011f\u00fc bug\u00fcn Kam\u0131\u015fl\u0131 Kentinde belirlenen lise s\u0131nav merkezlerinin t\u00fcm\u00fcn\u00fcn Haseke Kentine ta\u015f\u0131nmas\u0131n\u0131 kararla\u015ft\u0131rd\u0131. Haseke \u0130l E\u011fitim M\u00fcd\u00fcr\u00fc \u0130lham Sorahan SANA muhabirine a\u00e7\u0131klamas\u0131nda; s\u0131nav ve \u00f6\u011frencilerin selameti a\u00e7\u0131s\u0131ndan Kam\u0131\u015fl\u0131\u2019da bulunan 18 s\u0131nav merkezinin Haseke Kentine al\u0131nma karar\u0131 verildi\u011fini s\u00f6yledi. Sorahan dolay\u0131s\u0131yla Kam\u0131\u015fl\u0131 Kentindeki s\u0131nav merkezlerinde s\u0131nava girecek t\u00fcm \u00f6\u011frencilerin maksimum bir &hellip;<\/p>\n","protected":false},"author":1,"featured_media":72968,"comment_status":"closed","ping_status":"closed","sticky":false,"template":"","format":"standard","meta":{"footnotes":""},"categories":[479,17988,478],"tags":[21300,21250,21128,21299],"class_list":["post-73882","post","type-post","status-publish","format-standard","has-post-thumbnail","","category-haberler-yerel","category-son-haberler","category-yerel","tag-haseke-il-egitim-mudurlugu","tag-ilkogretim-sinavlari","tag-lise-sinavlari","tag-sinav-merkezleri"],"_links":{"self":[{"href":"https:\/\/archive.sana.sy\/tr\/index.php?rest_route=\/wp\/v2\/posts\/73882","targetHints":{"allow":["GET"]}}],"collection":[{"href":"https:\/\/archive.sana.sy\/tr\/index.php?rest_route=\/wp\/v2\/posts"}],"about":[{"href":"https:\/\/archive.sana.sy\/tr\/index.php?rest_route=\/wp\/v2\/types\/post"}],"author":[{"embeddable":true,"href":"https:\/\/archive.sana.sy\/tr\/index.php?rest_route=\/wp\/v2\/users\/1"}],"replies":[{"embeddable":true,"href":"https:\/\/archive.sana.sy\/tr\/index.php?rest_route=%2Fwp%2Fv2%2Fcomments&post=73882"}],"version-history":[{"count":0,"href":"https:\/\/archive.sana.sy\/tr\/index.php?rest_route=\/wp\/v2\/posts\/73882\/revisions"}],"wp:featuredmedia":[{"embeddable":true,"href":"https:\/\/archive.sana.sy\/tr\/index.php?rest_route=\/wp\/v2\/media\/72968"}],"wp:attachment":[{"href":"https:\/\/archive.sana.sy\/tr\/index.php?rest_route=%2Fwp%2Fv2%2Fmedia&parent=73882"}],"wp:term":[{"taxonomy":"category","embeddable":true,"href":"https:\/\/archive.sana.sy\/tr\/index.php?rest_route=%2Fwp%2Fv2%2Fcategories&post=73882"},{"taxonomy":"post_tag","embeddable":true,"href":"https:\/\/archive.sana.sy\/tr\/index.php?rest_route=%2Fwp%2Fv2%2Ftags&post=73882"}],"curies":[{"name":"wp","href":"https:\/\/api.w.org\/{rel}","templated":true}]}}