{"id":73883,"date":"2016-05-23T13:04:50","date_gmt":"2016-05-23T10:04:50","guid":{"rendered":"http:\/\/www.sana.sy\/tr\/?p=73883"},"modified":"2016-05-23T17:29:03","modified_gmt":"2016-05-23T14:29:03","slug":"liraya-destek-kampanyasi-baslatildi","status":"publish","type":"post","link":"https:\/\/archive.sana.sy\/tr\/?p=73883","title":{"rendered":"Liraya Destek Kampanyas\u0131 Ba\u015flat\u0131ld\u0131"},"content":{"rendered":"<p>\u015eAM \u2013 \u015eam ve \u00c7evre Kent Sanayi Odas\u0131 bug\u00fcn, t\u00fcccarlar\u0131n a\u00e7g\u00f6zl\u00fcl\u00fc\u011f\u00fcne s\u0131n\u0131r koyma ve Suriye liras\u0131na destek amac\u0131yla \u2018Liraya Destek Olma ve T\u00fcccarlar\u0131n A\u00e7g\u00f6zl\u00fcl\u00fc\u011f\u00fcne S\u0131n\u0131r Koymak \u0130\u00e7in El Ele\u2019 slogan\u0131 alt\u0131nda kampanya ba\u015flatt\u0131.<\/p>\n<p>Kampanyada halkla ili\u015fkiler sorumlusu Ahmet el Hatip SANA\u2019ya a\u00e7\u0131klamas\u0131nda; t\u00fcccarlar\u0131n a\u00e7g\u00f6zl\u00fcl\u00fc\u011f\u00fcne s\u0131n\u0131r koymakla birlikte ulusal ekonomiye destek olma amac\u0131yla vatanda\u015flar\u0131 sadece devlet kurumlar\u0131na tabi merkezlerden al\u0131\u015fveri\u015f yapmaya \u00e7a\u011f\u0131rd\u0131. Hatip devletin vatanda\u015flar\u0131n t\u00fcm ihtiya\u00e7lar\u0131n\u0131n uygun fiyatlarla ve kalitelerle temin etti\u011fi bu al\u0131\u015fveri\u015f merkezlerinden al\u0131\u015fveri\u015f yapmakla mevcut zor ko\u015fullar\u0131 f\u0131rsat kullanmaya \u00e7al\u0131\u015f\u0131p servetlerini katlamaya \u00e7al\u0131\u015fan duyars\u0131z t\u00fcccarlara iyi bir ders verilece\u011fini ifade etti.<\/p>\n<p>Kampanyan\u0131n m\u00fcmk\u00fcn oldu\u011funca y\u00fcksek destek almas\u0131 amac\u0131yla ilgili t\u00fcm kurumlara kat\u0131l\u0131m daveti g\u00f6nderildi\u011fini ifade eden Hatip; vatansever duyarl\u0131 her vatanda\u015f\u0131n vatan\u0131n\u0131 ve ekonomisini savunmas\u0131 gerekti\u011finin alt\u0131n\u0131 \u00e7izdi.<\/p>\n","protected":false},"excerpt":{"rendered":"<p>\u015eAM \u2013 \u015eam ve \u00c7evre Kent Sanayi Odas\u0131 bug\u00fcn, t\u00fcccarlar\u0131n a\u00e7g\u00f6zl\u00fcl\u00fc\u011f\u00fcne s\u0131n\u0131r koyma ve Suriye liras\u0131na destek amac\u0131yla \u2018Liraya Destek Olma ve T\u00fcccarlar\u0131n A\u00e7g\u00f6zl\u00fcl\u00fc\u011f\u00fcne S\u0131n\u0131r Koymak \u0130\u00e7in El Ele\u2019 slogan\u0131 alt\u0131nda kampanya ba\u015flatt\u0131. Kampanyada halkla ili\u015fkiler sorumlusu Ahmet el Hatip SANA\u2019ya a\u00e7\u0131klamas\u0131nda; t\u00fcccarlar\u0131n a\u00e7g\u00f6zl\u00fcl\u00fc\u011f\u00fcne s\u0131n\u0131r koymakla birlikte ulusal ekonomiye destek olma amac\u0131yla vatanda\u015flar\u0131 sadece devlet &hellip;<\/p>\n","protected":false},"author":1,"featured_media":73893,"comment_status":"closed","ping_status":"closed","sticky":false,"template":"","format":"standard","meta":{"footnotes":""},"categories":[485,486,17988],"tags":[21303,21304],"class_list":["post-73883","post","type-post","status-publish","format-standard","has-post-thumbnail","","category-is-ve-sermaye","category-haberler-is-ve-sermaye","category-son-haberler","tag-liraya-destek-kampanyasi","tag-sam-ve-cevre-kent-sanayi-odasi"],"_links":{"self":[{"href":"https:\/\/archive.sana.sy\/tr\/index.php?rest_route=\/wp\/v2\/posts\/73883","targetHints":{"allow":["GET"]}}],"collection":[{"href":"https:\/\/archive.sana.sy\/tr\/index.php?rest_route=\/wp\/v2\/posts"}],"about":[{"href":"https:\/\/archive.sana.sy\/tr\/index.php?rest_route=\/wp\/v2\/types\/post"}],"author":[{"embeddable":true,"href":"https:\/\/archive.sana.sy\/tr\/index.php?rest_route=\/wp\/v2\/users\/1"}],"replies":[{"embeddable":true,"href":"https:\/\/archive.sana.sy\/tr\/index.php?rest_route=%2Fwp%2Fv2%2Fcomments&post=73883"}],"version-history":[{"count":0,"href":"https:\/\/archive.sana.sy\/tr\/index.php?rest_route=\/wp\/v2\/posts\/73883\/revisions"}],"wp:featuredmedia":[{"embeddable":true,"href":"https:\/\/archive.sana.sy\/tr\/index.php?rest_route=\/wp\/v2\/media\/73893"}],"wp:attachment":[{"href":"https:\/\/archive.sana.sy\/tr\/index.php?rest_route=%2Fwp%2Fv2%2Fmedia&parent=73883"}],"wp:term":[{"taxonomy":"category","embeddable":true,"href":"https:\/\/archive.sana.sy\/tr\/index.php?rest_route=%2Fwp%2Fv2%2Fcategories&post=73883"},{"taxonomy":"post_tag","embeddable":true,"href":"https:\/\/archive.sana.sy\/tr\/index.php?rest_route=%2Fwp%2Fv2%2Ftags&post=73883"}],"curies":[{"name":"wp","href":"https:\/\/api.w.org\/{rel}","templated":true}]}}