{"id":7391,"date":"2014-08-15T19:30:02","date_gmt":"2014-08-15T16:30:02","guid":{"rendered":"http:\/\/www.sana.sy\/tr\/?p=7391"},"modified":"2014-08-16T10:44:41","modified_gmt":"2014-08-16T07:44:41","slug":"teror-saldirilari-sonucunda-3-vatandasimiz-sehit-dustu","status":"publish","type":"post","link":"https:\/\/archive.sana.sy\/tr\/?p=7391","title":{"rendered":"Ter\u00f6r Sald\u0131r\u0131lar\u0131 Sonucunda 3 Vatanda\u015f\u0131m\u0131z \u015eehit D\u00fc\u015ft\u00fc"},"content":{"rendered":"<p>\u015eAM \u2013 Silahl\u0131 ter\u00f6r gruplar\u0131, halk\u0131n can\u0131n\u0131 ve mal\u0131n\u0131 hedef alan sald\u0131r\u0131lar\u0131 \u00e7er\u00e7evesinde bug\u00fcn d\u00fczenledikleri havan sald\u0131r\u0131lar\u0131 sonucunda \u015eam\u2019da aralar\u0131nda 13 ya\u015f\u0131nda bir k\u0131z \u00e7ocu\u011funun bulundu\u011fu 3 vatanda\u015f\u0131m\u0131z \u015fehit d\u00fc\u015ft\u00fc 33 vatanda\u015f\u0131m\u0131z da yaraland\u0131.<\/p>\n<p>\u015eam Emniyet M\u00fcd\u00fcrl\u00fc\u011f\u00fcnde yetkili bir kaynak ter\u00f6ristlerin Melik Faysal Caddesi \u00fczerinde bulunan sivil konut b\u00f6lgelerine 7 adet havan mermisi f\u0131rlatt\u0131klar\u0131n\u0131 dile getirerek, sald\u0131r\u0131lar sonucunda aralar\u0131nda 13 ya\u015f\u0131nda bir k\u0131z \u00e7ocu\u011funun da bulundu\u011fu 3 vatanda\u015f\u0131m\u0131z\u0131n \u015fehit d\u00fc\u015ft\u00fc\u011f\u00fcn\u00fc ifade etti.<\/p>\n<p>Sald\u0131r\u0131da ayr\u0131ca aralar\u0131nda 3 \u00e7ocuk bulunan 33 vatanda\u015f\u0131m\u0131z\u0131n yaraland\u0131\u011f\u0131na i\u015faret eden kaynak; ayr\u0131ca ara\u00e7 ve evlerde de ciddi hasar meydana geldi\u011fini belirtti.<\/p>\n","protected":false},"excerpt":{"rendered":"<p>\u015eAM \u2013 Silahl\u0131 ter\u00f6r gruplar\u0131, halk\u0131n can\u0131n\u0131 ve mal\u0131n\u0131 hedef alan sald\u0131r\u0131lar\u0131 \u00e7er\u00e7evesinde bug\u00fcn d\u00fczenledikleri havan sald\u0131r\u0131lar\u0131 sonucunda \u015eam\u2019da aralar\u0131nda 13 ya\u015f\u0131nda bir k\u0131z \u00e7ocu\u011funun bulundu\u011fu 3 vatanda\u015f\u0131m\u0131z \u015fehit d\u00fc\u015ft\u00fc 33 vatanda\u015f\u0131m\u0131z da yaraland\u0131. \u015eam Emniyet M\u00fcd\u00fcrl\u00fc\u011f\u00fcnde yetkili bir kaynak ter\u00f6ristlerin Melik Faysal Caddesi \u00fczerinde bulunan sivil konut b\u00f6lgelerine 7 adet havan mermisi f\u0131rlatt\u0131klar\u0131n\u0131 dile &hellip;<\/p>\n","protected":false},"author":1,"featured_media":7392,"comment_status":"closed","ping_status":"closed","sticky":false,"template":"","format":"standard","meta":{"footnotes":""},"categories":[479,575,478],"tags":[1653],"class_list":["post-7391","post","type-post","status-publish","format-standard","has-post-thumbnail","","category-haberler-yerel","category-olaylar-ve-gercekler","category-yerel","tag-teror-saldirilari-sonucunda-3-vatandasimiz-sehit-dustu"],"_links":{"self":[{"href":"https:\/\/archive.sana.sy\/tr\/index.php?rest_route=\/wp\/v2\/posts\/7391","targetHints":{"allow":["GET"]}}],"collection":[{"href":"https:\/\/archive.sana.sy\/tr\/index.php?rest_route=\/wp\/v2\/posts"}],"about":[{"href":"https:\/\/archive.sana.sy\/tr\/index.php?rest_route=\/wp\/v2\/types\/post"}],"author":[{"embeddable":true,"href":"https:\/\/archive.sana.sy\/tr\/index.php?rest_route=\/wp\/v2\/users\/1"}],"replies":[{"embeddable":true,"href":"https:\/\/archive.sana.sy\/tr\/index.php?rest_route=%2Fwp%2Fv2%2Fcomments&post=7391"}],"version-history":[{"count":0,"href":"https:\/\/archive.sana.sy\/tr\/index.php?rest_route=\/wp\/v2\/posts\/7391\/revisions"}],"wp:featuredmedia":[{"embeddable":true,"href":"https:\/\/archive.sana.sy\/tr\/index.php?rest_route=\/wp\/v2\/media\/7392"}],"wp:attachment":[{"href":"https:\/\/archive.sana.sy\/tr\/index.php?rest_route=%2Fwp%2Fv2%2Fmedia&parent=7391"}],"wp:term":[{"taxonomy":"category","embeddable":true,"href":"https:\/\/archive.sana.sy\/tr\/index.php?rest_route=%2Fwp%2Fv2%2Fcategories&post=7391"},{"taxonomy":"post_tag","embeddable":true,"href":"https:\/\/archive.sana.sy\/tr\/index.php?rest_route=%2Fwp%2Fv2%2Ftags&post=7391"}],"curies":[{"name":"wp","href":"https:\/\/api.w.org\/{rel}","templated":true}]}}