{"id":7395,"date":"2014-08-16T12:50:36","date_gmt":"2014-08-16T09:50:36","guid":{"rendered":"http:\/\/www.sana.sy\/tr\/?p=7395"},"modified":"2014-08-17T13:08:48","modified_gmt":"2014-08-17T10:08:48","slug":"teror-orgutlerine-destek-verenlere-yaptirimlar-uygulanacak","status":"publish","type":"post","link":"https:\/\/archive.sana.sy\/tr\/?p=7395","title":{"rendered":"Ter\u00f6r \u00d6rg\u00fctlerine Destek Verenlere Yapt\u0131r\u0131mlar Uygulanacak"},"content":{"rendered":"<p>NEW YORK \u2013 Birle\u015fmi\u015f Milletlere tabi Uluslararas\u0131 G\u00fcvenlik Konseyi d\u00fcn\u00a0d\u00fczenledi\u011fi oturumda Nusra Cephesi ve \u2018Irak ve \u015eam \u0130slami Devleti I\u015e\u0130D\u2019 adl\u0131 iki ter\u00f6r \u00f6rg\u00fct\u00fcne destek verecek taraflara yapt\u0131r\u0131mlar\u0131n uygulanmas\u0131n\u0131 \u00f6ng\u00f6ren 2170 say\u0131l\u0131 karar\u0131 \u00e7o\u011funluk oyla onaylad\u0131.<\/p>\n<p>G\u00fcvenlik Konseyinin onaylay\u0131p \u00fcstlendi\u011fi s\u00f6z konusu karar Suriye ve Irak\u2019ta ter\u00f6r \u00f6rg\u00fctlerine herhangi bir destekte bulunacak taraflara yapt\u0131r\u0131mlar\u0131n uygulanmas\u0131n\u0131 \u00f6ng\u00f6r\u00fcyor.<\/p>\n<p>Suriye&#8217;nin BM&#8217;deki Daimi Temsilcisi be\u015f\u015far el Caferi oturumda yapt\u0131\u011f\u0131 konu\u015fmada; s\u00f6z konusu ter\u00f6r \u00f6rg\u00fctlerinin s\u0131n\u0131r tan\u0131mayan vah\u015fetlerinden b\u00fcy\u00fck ac\u0131lar ya\u015fayan Suriye&#8217;nin bir\u00e7ok kez tekfirci ter\u00f6r tehlikesine kar\u015f\u0131 uyard\u0131\u011f\u0131na dikkat \u00e7ekti. Caferi s\u00f6z konusu ter\u00f6r gruplar\u0131na destek veren devlet ve taraflar\u0131n herkes taraf\u0131ndan bilindi\u011fine i\u015faret ederek, bu devletlerin s\u00f6z konusu desteklerini kesmelerine zorlanmalar\u0131 \u00f6nemini ifade etti.<\/p>\n<p>Caferi Arap ve b\u00f6lgesel d\u00fczeyde n\u00fcfuz sahibi kimi devletlerin Suriye&#8217;de ger\u00e7ekleri \u00e7arp\u0131tmakla birlikte ter\u00f6r \u00f6rg\u00fctlerine her t\u00fcrl\u00fc deste\u011fi sa\u011flama y\u00f6n\u00fcnde olduk\u00e7a b\u00fcy\u00fck \u00e7abalar harcad\u0131klar\u0131na dikkat \u00e7ekti.<\/p>\n<p>Caferi Suriye\u2019de ter\u00f6r gruplar\u0131 saflar\u0131nda \u2018cihat\u2019 ad\u0131 alt\u0131nda sava\u015fan 83\u2019ten fazla devletten ter\u00f6ristin bulundu\u011funa bu devletlerin bir k\u0131sm\u0131n\u0131n n\u00fcfuz sahibi olduklar\u0131n i\u015faret ederken; s\u00f6z konusu ter\u00f6ristlerin \u00fclkelerine d\u00f6nmeye ba\u015flamalar\u0131 ve devletlerinin g\u00fcvenli\u011fine tehlike olu\u015fturmaya ba\u015flamalar\u0131 ard\u0131ndan s\u00f6z konusu devletlerin \u2018cihat\u00e7\u0131lara\u2019 kar\u015f\u0131 kanunlar almaya ve G\u00fcvenlik Konseyinin bug\u00fcn \u00fcstlendi\u011fi karar\u0131 onaylad\u0131klar\u0131na vurgu yapt\u0131.<\/p>\n<p>Suriye&#8217;nin 3 y\u0131ldan fazla bir s\u00fcredir ter\u00f6re kar\u015f\u0131 m\u00fccadele etti\u011fine i\u015faret eden Caferi; bu sava\u015f\u0131 t\u00fcm insanl\u0131k ad\u0131na verdi\u011fini belirtti.<\/p>\n<p>Caferi konu\u015fmas\u0131nda; bu karar\u0131 onaylay\u0131p \u00fcstlenmesi ard\u0131ndan; Suriye&#8217;deki ter\u00f6r \u00f6rg\u00fctlerinden Suriye petrol\u00fcn\u00fc sat\u0131n al\u0131p Avrupa&#8217;ya ula\u015ft\u0131ranlar\u0131n kimliklerine dikkat \u00e7ekti.<\/p>\n<p>Caferi G\u00fcvenlik Konseyi ve t\u00fcm uluslararas\u0131 toplumun tekfirci ter\u00f6re kar\u015f\u0131 m\u00fccadeleye odaklanmas\u0131 gere\u011finin alt\u0131n\u0131 \u00e7izerek; bu ter\u00f6r\u00fc kucaklayan ve yay\u0131lmas\u0131na yol a\u00e7an tekfirci ve radikal d\u00fc\u015f\u00fcnceyle m\u00fccadelenin \u00f6nemine de vurgu yapt\u0131.<\/p>\n<p>Tekfircilik ve radikalli\u011fin yan\u0131 s\u0131ra ter\u00f6re provokasyon yapan medya kanallar\u0131yla da m\u00fccade edilmesi gere\u011fini belirten Caferi; bu kanallar\u0131n ter\u00f6r ve fitnecili\u011fi besledi\u011fine dikkat \u00e7ekti.<\/p>\n<p>Oturumda konu\u015fan \u00c7in Halk Cumhuriyetinin daimi temsilcisi t\u00fcm taraflar\u0131 karara ba\u011fl\u0131 kalmalar\u0131na \u00e7a\u011f\u0131rd\u0131.<\/p>\n<p>Irak&#8217;\u0131n Daimi temsilcisi ise konu\u015fmas\u0131nda I\u015e\u0130D&#8217;in sadece Irak a\u00e7\u0131s\u0131ndan de\u011fil, d\u00fcnya g\u00fcvenli\u011fi ve istikrar\u0131 a\u00e7\u0131s\u0131ndan ciddi ve b\u00fcy\u00fck bir tehlike te\u015fkil etti\u011fine dikkat \u00e7ekti.<\/p>\n","protected":false},"excerpt":{"rendered":"<p>NEW YORK \u2013 Birle\u015fmi\u015f Milletlere tabi Uluslararas\u0131 G\u00fcvenlik Konseyi d\u00fcn\u00a0d\u00fczenledi\u011fi oturumda Nusra Cephesi ve \u2018Irak ve \u015eam \u0130slami Devleti I\u015e\u0130D\u2019 adl\u0131 iki ter\u00f6r \u00f6rg\u00fct\u00fcne destek verecek taraflara yapt\u0131r\u0131mlar\u0131n uygulanmas\u0131n\u0131 \u00f6ng\u00f6ren 2170 say\u0131l\u0131 karar\u0131 \u00e7o\u011funluk oyla onaylad\u0131. G\u00fcvenlik Konseyinin onaylay\u0131p \u00fcstlendi\u011fi s\u00f6z konusu karar Suriye ve Irak\u2019ta ter\u00f6r \u00f6rg\u00fctlerine herhangi bir destekte bulunacak taraflara yapt\u0131r\u0131mlar\u0131n uygulanmas\u0131n\u0131 &hellip;<\/p>\n","protected":false},"author":1,"featured_media":7429,"comment_status":"closed","ping_status":"closed","sticky":false,"template":"","format":"standard","meta":{"footnotes":""},"categories":[458,459],"tags":[1654],"class_list":["post-7395","post","type-post","status-publish","format-standard","has-post-thumbnail","","category-dunya1","category-haberler-arap-uluslararasi-politika","tag-teror-orgutlerine-destek-verenlere-yaptirimlar-uygulanacak"],"_links":{"self":[{"href":"https:\/\/archive.sana.sy\/tr\/index.php?rest_route=\/wp\/v2\/posts\/7395","targetHints":{"allow":["GET"]}}],"collection":[{"href":"https:\/\/archive.sana.sy\/tr\/index.php?rest_route=\/wp\/v2\/posts"}],"about":[{"href":"https:\/\/archive.sana.sy\/tr\/index.php?rest_route=\/wp\/v2\/types\/post"}],"author":[{"embeddable":true,"href":"https:\/\/archive.sana.sy\/tr\/index.php?rest_route=\/wp\/v2\/users\/1"}],"replies":[{"embeddable":true,"href":"https:\/\/archive.sana.sy\/tr\/index.php?rest_route=%2Fwp%2Fv2%2Fcomments&post=7395"}],"version-history":[{"count":0,"href":"https:\/\/archive.sana.sy\/tr\/index.php?rest_route=\/wp\/v2\/posts\/7395\/revisions"}],"wp:featuredmedia":[{"embeddable":true,"href":"https:\/\/archive.sana.sy\/tr\/index.php?rest_route=\/wp\/v2\/media\/7429"}],"wp:attachment":[{"href":"https:\/\/archive.sana.sy\/tr\/index.php?rest_route=%2Fwp%2Fv2%2Fmedia&parent=7395"}],"wp:term":[{"taxonomy":"category","embeddable":true,"href":"https:\/\/archive.sana.sy\/tr\/index.php?rest_route=%2Fwp%2Fv2%2Fcategories&post=7395"},{"taxonomy":"post_tag","embeddable":true,"href":"https:\/\/archive.sana.sy\/tr\/index.php?rest_route=%2Fwp%2Fv2%2Ftags&post=7395"}],"curies":[{"name":"wp","href":"https:\/\/api.w.org\/{rel}","templated":true}]}}