{"id":73963,"date":"2016-05-23T13:20:40","date_gmt":"2016-05-23T10:20:40","guid":{"rendered":"http:\/\/sana.sy\/tr\/?p=73963"},"modified":"2016-05-24T15:20:13","modified_gmt":"2016-05-24T12:20:13","slug":"%ef%bb%bficisleri-bakani-teror-eylemlerinin-yerlerini-inceledi","status":"publish","type":"post","link":"https:\/\/archive.sana.sy\/tr\/?p=73963","title":{"rendered":"\ufeff\u0130\u00e7i\u015fleri Bakan\u0131 Ter\u00f6r Eylemlerinin Yerlerini \u0130nceledi"},"content":{"rendered":"<p>LAZK\u0130YE \u2013 \u0130\u00e7i\u015fleri Bakan\u0131 Muhammed el \u015eear bug\u00fcn lazkiye iline tabi Ceble Kentinde 4 bombal\u0131 ter\u00f6r eyleminin meydana geldi\u011fi b\u00f6lgelerde saha incelemelerinde bulundu.<\/p>\n<p>Lazkiye Valisi \u0130brahim H\u0131z\u0131r el Salim ve Baas Partisinin il ba\u015fkan\u0131 Muhammed \u015ereytah\u2019\u0131n e\u015flik etti\u011fi saha gezisinde Bakan \u015eear bas\u0131n mensuplar\u0131na a\u00e7\u0131klamas\u0131nda; bu korkak ter\u00f6r eylemlerini ger\u00e7ekle\u015ftiren ter\u00f6ristlerin onlar\u0131 destekleyip y\u00f6nlendiren d\u0131\u015f g\u00fc\u00e7lerle birlikte Suriye ve halk\u0131n\u0131n birlik beraberli\u011fini hedef ald\u0131klar\u0131na dikkat \u00e7ekti. Bu ter\u00f6ristlere kar\u015f\u0131 sessiz kal\u0131nmayaca\u011f\u0131n\u0131 belirten \u015eear; Suriye halk\u0131 ve ordusunun muhtelif \u015fekilleriyle ter\u00f6re kar\u015f\u0131 m\u00fccadelesini zafere dek s\u00fcrd\u00fcrece\u011fini s\u00f6yledi.<\/p>\n<p>Bakan \u015eear ter\u00f6ristlerin devlet hastanesi ve otogar\u0131 bu gibi hain bombal\u0131 eylemlerle hedef almalar\u0131n\u0131n ger\u00e7ek y\u00fczlerini ortaya serdi\u011fine dikkat \u00e7ekerken, Tartus\u2019ta da benzer eylemlerin ter\u00f6r ve destek\u00e7ilerinin Suriye&#8217;de insan, altyap\u0131, hizmet kurumlar\u0131 ve her \u015feyi hedef almaya \u00e7al\u0131\u015ft\u0131klar\u0131n\u0131 bir kez daha kan\u0131tlad\u0131\u011f\u0131n\u0131 s\u00f6zlerine ekledi.<\/p>\n<p>\u0130\u00e7i\u015fleri Bakan\u0131 \u015eear s\u00f6z konusu bombal\u0131 ter\u00f6r eylemlerine ili\u015fkin soru\u015fturman\u0131n yap\u0131lmas\u0131 ve gerekli g\u00fcvenlik icraatlar\u0131n\u0131n peki\u015ftirilmesi amac\u0131yla komite te\u015fkil etti\u011fini belirtti. \u015eear komitenin ter\u00f6r ma\u011fduru \u015fehit aileleri ve yaral\u0131lara destek \u00e7al\u0131\u015fmalar\u0131nda bulunaca\u011f\u0131n\u0131 da s\u00f6zlerine ekledi.<\/p>\n","protected":false},"excerpt":{"rendered":"<p>LAZK\u0130YE \u2013 \u0130\u00e7i\u015fleri Bakan\u0131 Muhammed el \u015eear bug\u00fcn lazkiye iline tabi Ceble Kentinde 4 bombal\u0131 ter\u00f6r eyleminin meydana geldi\u011fi b\u00f6lgelerde saha incelemelerinde bulundu. Lazkiye Valisi \u0130brahim H\u0131z\u0131r el Salim ve Baas Partisinin il ba\u015fkan\u0131 Muhammed \u015ereytah\u2019\u0131n e\u015flik etti\u011fi saha gezisinde Bakan \u015eear bas\u0131n mensuplar\u0131na a\u00e7\u0131klamas\u0131nda; bu korkak ter\u00f6r eylemlerini ger\u00e7ekle\u015ftiren ter\u00f6ristlerin onlar\u0131 destekleyip y\u00f6nlendiren d\u0131\u015f &hellip;<\/p>\n","protected":false},"author":1,"featured_media":73964,"comment_status":"closed","ping_status":"closed","sticky":false,"template":"","format":"standard","meta":{"footnotes":""},"categories":[479,17988,478],"tags":[21306,21305,21307],"class_list":["post-73963","post","type-post","status-publish","format-standard","has-post-thumbnail","","category-haberler-yerel","category-son-haberler","category-yerel","tag-ceble-kentinde-4-bombali-teror-eylemi","tag-icisleri-bakani-teror-eylemlerinin-yerlerini-inceledi","tag-tartusta-teror-eylemleri"],"_links":{"self":[{"href":"https:\/\/archive.sana.sy\/tr\/index.php?rest_route=\/wp\/v2\/posts\/73963","targetHints":{"allow":["GET"]}}],"collection":[{"href":"https:\/\/archive.sana.sy\/tr\/index.php?rest_route=\/wp\/v2\/posts"}],"about":[{"href":"https:\/\/archive.sana.sy\/tr\/index.php?rest_route=\/wp\/v2\/types\/post"}],"author":[{"embeddable":true,"href":"https:\/\/archive.sana.sy\/tr\/index.php?rest_route=\/wp\/v2\/users\/1"}],"replies":[{"embeddable":true,"href":"https:\/\/archive.sana.sy\/tr\/index.php?rest_route=%2Fwp%2Fv2%2Fcomments&post=73963"}],"version-history":[{"count":0,"href":"https:\/\/archive.sana.sy\/tr\/index.php?rest_route=\/wp\/v2\/posts\/73963\/revisions"}],"wp:featuredmedia":[{"embeddable":true,"href":"https:\/\/archive.sana.sy\/tr\/index.php?rest_route=\/wp\/v2\/media\/73964"}],"wp:attachment":[{"href":"https:\/\/archive.sana.sy\/tr\/index.php?rest_route=%2Fwp%2Fv2%2Fmedia&parent=73963"}],"wp:term":[{"taxonomy":"category","embeddable":true,"href":"https:\/\/archive.sana.sy\/tr\/index.php?rest_route=%2Fwp%2Fv2%2Fcategories&post=73963"},{"taxonomy":"post_tag","embeddable":true,"href":"https:\/\/archive.sana.sy\/tr\/index.php?rest_route=%2Fwp%2Fv2%2Ftags&post=73963"}],"curies":[{"name":"wp","href":"https:\/\/api.w.org\/{rel}","templated":true}]}}