{"id":73973,"date":"2016-05-23T17:37:41","date_gmt":"2016-05-23T14:37:41","guid":{"rendered":"http:\/\/www.sana.sy\/tr\/?p=73973"},"modified":"2016-05-24T15:47:56","modified_gmt":"2016-05-24T12:47:56","slug":"kin-dolu-rejimlerin-tehlikeli-tirmandirmasidir","status":"publish","type":"post","link":"https:\/\/archive.sana.sy\/tr\/?p=73973","title":{"rendered":"Kin Dolu Rejimlerin Tehlikeli T\u0131rmand\u0131rmas\u0131d\u0131r"},"content":{"rendered":"<p>\u015eAM \u2013 D\u0131\u015fi\u015fleri ve Gurbet\u00e7iler Bakanl\u0131\u011f\u0131 bug\u00fcn Tartus Kenti ve Lazkiye \u0130line tabi Ceble Kentinde meydana gelen bombal\u0131 ter\u00f6r eylemleri konusunda BM genel sekreteri ve G\u00fcvenlik Konseyi ba\u015fkan\u0131na e\u015f iki resmi mektup g\u00f6nderdi.<\/p>\n<p>Bakanl\u0131k bir n\u00fcshas\u0131n\u0131n SANA\u2019ya ula\u015ft\u0131r\u0131ld\u0131\u011f\u0131 resmi mektubunda bug\u00fcn meydana gelen ve geneli \u00e7ocuk ve kad\u0131nlardan onlarca masum sivil insan\u0131n \u015fehit, onlarcas\u0131n\u0131n da yaral\u0131 d\u00fc\u015fmelerine yol a\u00e7an s\u00f6z konusu bombal\u0131 ter\u00f6r eylemlerinin Ankara, Riyad ve Doha\u2019daki kin dolu rejimler taraf\u0131ndan gayet tehlikeli bir t\u0131rmand\u0131rma niteli\u011fi ta\u015f\u0131d\u0131\u011f\u0131na vurgu yapt\u0131. Bu t\u0131rmand\u0131rman\u0131n s\u00f6z konusu rejimlerin Suriye&#8217;de kanlar\u0131n ak\u0131t\u0131lmas\u0131na son verme \u00e7abalar\u0131n\u0131 sabote etme \u00e7abalar\u0131 \u00e7er\u00e7evesinde geldi\u011fini belirten bakanl\u0131k; ayn\u0131 zamanda \u00e7okuluslu tekfirci ter\u00f6rle m\u00fccadele ve siyasi \u00e7\u00f6z\u00fcm sa\u011flama \u00e7abalar\u0131n\u0131 baltalamaya \u00e7al\u0131\u015ft\u0131klar\u0131n\u0131n alt\u0131n\u0131 \u00e7izdi. Bakanl\u0131k bu gibi eylemlerin Suriye&#8217;de \u00e7at\u0131\u015fmalar\u0131 durdurma anla\u015fmas\u0131n\u0131n y\u00fcr\u00fcrl\u00fc\u011f\u00fcn\u00fc ciddi bir tehlikeye soktu\u011funu da belirtti.<\/p>\n<p>Bakanl\u0131k kimi devletlerin BMGK\u2019nin Suriye&#8217;de masum sivilleri hedef alan vah\u015fi ter\u00f6r kar\u015f\u0131s\u0131nda sessiz kalmas\u0131n\u0131 zorlamaya \u00e7abalar\u0131n\u0131n ter\u00f6r \u00f6rg\u00fctlerine te\u015fvik te\u015fkil etti\u011fini ifade etti. Bu devletlerin BMGK\u2019nin ter\u00f6r \u00f6rg\u00fctleri ve onlar\u0131 destekleyen Ankara, Riyad ve Doha rejilerine kar\u015f\u0131 sessizli\u011fini s\u00fcrd\u00fcrmesine zorlad\u0131klar\u0131na i\u015faret eden bakanl\u0131k; t\u00fcm bunlar\u0131n ter\u00f6r\u00fc destekleyen ve BMGK\u2019yi sessiz kalmaya zorlayan devletlerin Suriye ve halk\u0131na kar\u015f\u0131 edat olarak kulland\u0131klar\u0131 ter\u00f6r\u00fcn daha \u00e7ok katliamda bulunmas\u0131n\u0131 s\u00fcrd\u00fcrme planlar\u0131n\u0131 ortaya koydu\u011funun alt\u0131n\u0131 \u00e7izdi.<\/p>\n<p>ABD, Fransa, \u0130ngiltere ve Ukrayna\u2019n\u0131n bir s\u00fcre \u00f6nce Rusya&#8217;n\u0131n \u00f6nerisi \u00fczerine \u0130slam Ordusu ve Ahrar el \u015eam \u0130slami Hareketi adl\u0131 ter\u00f6r \u00f6rg\u00fctlerin BMGK\u2019nin uluslar aras\u0131 ter\u00f6r \u00f6rg\u00fctleri listesine al\u0131nmalar\u0131n\u0131 engellediklerini hat\u0131rlatan bakanl\u0131k; bu devletlerin \u2018\u0131l\u0131ml\u0131 muhalifler\u2019 ad\u0131 alt\u0131nda ter\u00f6re desteklerini s\u00fcrd\u00fcrme ve katliamlar\u0131 kar\u015f\u0131s\u0131nda uluslar aras\u0131 toplumu sessiz k\u0131lmaya zorlama planlar\u0131n\u0131 kan\u0131tlad\u0131\u011f\u0131n\u0131 ifade etti. Bakanl\u0131k t\u00fcm bunlar\u0131n ayn\u0131 zamanda b\u00f6lge ve t\u00fcm d\u00fcnya halklar\u0131na kar\u015f\u0131 ciddi bir tehlike te\u015fkil eden ter\u00f6rle m\u00fccadeledeki ciddiyetsizliklerini de ortaya koydu\u011funun alt\u0131n\u0131 \u00e7izdi.<\/p>\n","protected":false},"excerpt":{"rendered":"<p>\u015eAM \u2013 D\u0131\u015fi\u015fleri ve Gurbet\u00e7iler Bakanl\u0131\u011f\u0131 bug\u00fcn Tartus Kenti ve Lazkiye \u0130line tabi Ceble Kentinde meydana gelen bombal\u0131 ter\u00f6r eylemleri konusunda BM genel sekreteri ve G\u00fcvenlik Konseyi ba\u015fkan\u0131na e\u015f iki resmi mektup g\u00f6nderdi. Bakanl\u0131k bir n\u00fcshas\u0131n\u0131n SANA\u2019ya ula\u015ft\u0131r\u0131ld\u0131\u011f\u0131 resmi mektubunda bug\u00fcn meydana gelen ve geneli \u00e7ocuk ve kad\u0131nlardan onlarca masum sivil insan\u0131n \u015fehit, onlarcas\u0131n\u0131n da &hellip;<\/p>\n","protected":false},"author":1,"featured_media":58242,"comment_status":"closed","ping_status":"closed","sticky":false,"template":"","format":"standard","meta":{"footnotes":""},"categories":[479,17988,478],"tags":[],"class_list":["post-73973","post","type-post","status-publish","format-standard","has-post-thumbnail","","category-haberler-yerel","category-son-haberler","category-yerel"],"_links":{"self":[{"href":"https:\/\/archive.sana.sy\/tr\/index.php?rest_route=\/wp\/v2\/posts\/73973","targetHints":{"allow":["GET"]}}],"collection":[{"href":"https:\/\/archive.sana.sy\/tr\/index.php?rest_route=\/wp\/v2\/posts"}],"about":[{"href":"https:\/\/archive.sana.sy\/tr\/index.php?rest_route=\/wp\/v2\/types\/post"}],"author":[{"embeddable":true,"href":"https:\/\/archive.sana.sy\/tr\/index.php?rest_route=\/wp\/v2\/users\/1"}],"replies":[{"embeddable":true,"href":"https:\/\/archive.sana.sy\/tr\/index.php?rest_route=%2Fwp%2Fv2%2Fcomments&post=73973"}],"version-history":[{"count":0,"href":"https:\/\/archive.sana.sy\/tr\/index.php?rest_route=\/wp\/v2\/posts\/73973\/revisions"}],"wp:featuredmedia":[{"embeddable":true,"href":"https:\/\/archive.sana.sy\/tr\/index.php?rest_route=\/wp\/v2\/media\/58242"}],"wp:attachment":[{"href":"https:\/\/archive.sana.sy\/tr\/index.php?rest_route=%2Fwp%2Fv2%2Fmedia&parent=73973"}],"wp:term":[{"taxonomy":"category","embeddable":true,"href":"https:\/\/archive.sana.sy\/tr\/index.php?rest_route=%2Fwp%2Fv2%2Fcategories&post=73973"},{"taxonomy":"post_tag","embeddable":true,"href":"https:\/\/archive.sana.sy\/tr\/index.php?rest_route=%2Fwp%2Fv2%2Ftags&post=73973"}],"curies":[{"name":"wp","href":"https:\/\/api.w.org\/{rel}","templated":true}]}}