{"id":73978,"date":"2016-05-23T17:43:45","date_gmt":"2016-05-23T14:43:45","guid":{"rendered":"http:\/\/www.sana.sy\/tr\/?p=73978"},"modified":"2016-05-23T17:38:54","modified_gmt":"2016-05-23T14:38:54","slug":"bu-devletlerin-bmgknin-teror-orgutleri-ve-onlari-destekleyen-ankara-riyad-ve-doha-rejilerine-karsi-sessizligini-surdurmesine-zorladiklarina-isaret-eden-bakanlik-tum-bunlarin-teroru-destekle","status":"publish","type":"post","link":"https:\/\/archive.sana.sy\/tr\/?p=73978","title":{"rendered":"Bu devletlerin BMGK\u2019nin ter\u00f6r \u00f6rg\u00fctleri ve onlar\u0131 destekleyen Ankara, Riyad ve Doha rejilerine kar\u015f\u0131 sessizli\u011fini s\u00fcrd\u00fcrmesine zorlad\u0131klar\u0131na i\u015faret eden bakanl\u0131k; t\u00fcm bunlar\u0131n ter\u00f6r\u00fc destekleyen ve BMGK\u2019yi sessiz kalmaya zorlayan devletlerin Suriye ve halk\u0131na kar\u015f\u0131 edat olarak kulland\u0131klar\u0131 ter\u00f6r\u00fcn daha \u00e7ok katliamda bulunmas\u0131n\u0131 s\u00fcrd\u00fcrme planlar\u0131n\u0131 ortaya koydu\u011funun alt\u0131n\u0131 \u00e7izdi"},"content":{"rendered":"<p>Bu devletlerin BMGK\u2019nin ter\u00f6r \u00f6rg\u00fctleri ve onlar\u0131 destekleyen Ankara, Riyad ve Doha rejilerine kar\u015f\u0131 sessizli\u011fini s\u00fcrd\u00fcrmesine zorlad\u0131klar\u0131na i\u015faret eden bakanl\u0131k; t\u00fcm bunlar\u0131n ter\u00f6r\u00fc destekleyen ve BMGK\u2019yi sessiz kalmaya zorlayan devletlerin Suriye ve halk\u0131na kar\u015f\u0131 edat olarak kulland\u0131klar\u0131 ter\u00f6r\u00fcn daha \u00e7ok katliamda bulunmas\u0131n\u0131 s\u00fcrd\u00fcrme planlar\u0131n\u0131 ortaya koydu\u011funun alt\u0131n\u0131 \u00e7izdi<\/p>\n","protected":false},"excerpt":{"rendered":"<p>Bu devletlerin BMGK\u2019nin ter\u00f6r \u00f6rg\u00fctleri ve onlar\u0131 destekleyen Ankara, Riyad ve Doha rejilerine kar\u015f\u0131 sessizli\u011fini s\u00fcrd\u00fcrmesine zorlad\u0131klar\u0131na i\u015faret eden bakanl\u0131k; t\u00fcm bunlar\u0131n ter\u00f6r\u00fc destekleyen ve BMGK\u2019yi sessiz kalmaya zorlayan devletlerin Suriye ve halk\u0131na kar\u015f\u0131 edat olarak kulland\u0131klar\u0131 ter\u00f6r\u00fcn daha \u00e7ok katliamda bulunmas\u0131n\u0131 s\u00fcrd\u00fcrme planlar\u0131n\u0131 ortaya koydu\u011funun alt\u0131n\u0131 \u00e7izdi<\/p>\n","protected":false},"author":1,"featured_media":0,"comment_status":"closed","ping_status":"closed","sticky":false,"template":"","format":"standard","meta":{"footnotes":""},"categories":[17991],"tags":[],"class_list":["post-73978","post","type-post","status-publish","format-standard","","category-son-dakika"],"_links":{"self":[{"href":"https:\/\/archive.sana.sy\/tr\/index.php?rest_route=\/wp\/v2\/posts\/73978","targetHints":{"allow":["GET"]}}],"collection":[{"href":"https:\/\/archive.sana.sy\/tr\/index.php?rest_route=\/wp\/v2\/posts"}],"about":[{"href":"https:\/\/archive.sana.sy\/tr\/index.php?rest_route=\/wp\/v2\/types\/post"}],"author":[{"embeddable":true,"href":"https:\/\/archive.sana.sy\/tr\/index.php?rest_route=\/wp\/v2\/users\/1"}],"replies":[{"embeddable":true,"href":"https:\/\/archive.sana.sy\/tr\/index.php?rest_route=%2Fwp%2Fv2%2Fcomments&post=73978"}],"version-history":[{"count":0,"href":"https:\/\/archive.sana.sy\/tr\/index.php?rest_route=\/wp\/v2\/posts\/73978\/revisions"}],"wp:attachment":[{"href":"https:\/\/archive.sana.sy\/tr\/index.php?rest_route=%2Fwp%2Fv2%2Fmedia&parent=73978"}],"wp:term":[{"taxonomy":"category","embeddable":true,"href":"https:\/\/archive.sana.sy\/tr\/index.php?rest_route=%2Fwp%2Fv2%2Fcategories&post=73978"},{"taxonomy":"post_tag","embeddable":true,"href":"https:\/\/archive.sana.sy\/tr\/index.php?rest_route=%2Fwp%2Fv2%2Ftags&post=73978"}],"curies":[{"name":"wp","href":"https:\/\/api.w.org\/{rel}","templated":true}]}}