{"id":73981,"date":"2016-05-23T17:46:20","date_gmt":"2016-05-23T14:46:20","guid":{"rendered":"http:\/\/www.sana.sy\/tr\/?p=73981"},"modified":"2016-05-23T17:39:47","modified_gmt":"2016-05-23T14:39:47","slug":"abd-fransa-ingiltere-ve-ukraynanin-bir-sure-once-rusyanin-onerisi-uzerine-islam-ordusu-ve-ahrar-el-sam-islami-hareketi-adli-teror-orgutlerin-bmgknin-uluslar-arasi-teror-orgutleri","status":"publish","type":"post","link":"https:\/\/archive.sana.sy\/tr\/?p=73981","title":{"rendered":"ABD, Fransa, \u0130ngiltere ve Ukrayna\u2019n\u0131n bir s\u00fcre \u00f6nce Rusya&#8217;n\u0131n \u00f6nerisi \u00fczerine \u0130slam Ordusu ve Ahrar el \u015eam \u0130slami Hareketi adl\u0131 ter\u00f6r \u00f6rg\u00fctlerin BMGK\u2019nin uluslar aras\u0131 ter\u00f6r \u00f6rg\u00fctleri listesine al\u0131nmalar\u0131n\u0131 engellediklerini hat\u0131rlatan bakanl\u0131k; bu devletlerin \u2018\u0131l\u0131ml\u0131 muhalifler\u2019 ad\u0131 alt\u0131nda ter\u00f6re desteklerini s\u00fcrd\u00fcrme ve katliamlar\u0131 kar\u015f\u0131s\u0131nda uluslar aras\u0131 toplumu sessiz k\u0131lmaya zorlama planlar\u0131n\u0131 kan\u0131tlad\u0131\u011f\u0131n\u0131 ifade etti"},"content":{"rendered":"<p>ABD, Fransa, \u0130ngiltere ve Ukrayna\u2019n\u0131n bir s\u00fcre \u00f6nce Rusya&#8217;n\u0131n \u00f6nerisi \u00fczerine \u0130slam Ordusu ve Ahrar el \u015eam \u0130slami Hareketi adl\u0131 ter\u00f6r \u00f6rg\u00fctlerin BMGK\u2019nin uluslar aras\u0131 ter\u00f6r \u00f6rg\u00fctleri listesine al\u0131nmalar\u0131n\u0131 engellediklerini hat\u0131rlatan bakanl\u0131k; bu devletlerin \u2018\u0131l\u0131ml\u0131 muhalifler\u2019 ad\u0131 alt\u0131nda ter\u00f6re desteklerini s\u00fcrd\u00fcrme ve katliamlar\u0131 kar\u015f\u0131s\u0131nda uluslar aras\u0131 toplumu sessiz k\u0131lmaya zorlama planlar\u0131n\u0131 kan\u0131tlad\u0131\u011f\u0131n\u0131 ifade etti<\/p>\n","protected":false},"excerpt":{"rendered":"<p>ABD, Fransa, \u0130ngiltere ve Ukrayna\u2019n\u0131n bir s\u00fcre \u00f6nce Rusya&#8217;n\u0131n \u00f6nerisi \u00fczerine \u0130slam Ordusu ve Ahrar el \u015eam \u0130slami Hareketi adl\u0131 ter\u00f6r \u00f6rg\u00fctlerin BMGK\u2019nin uluslar aras\u0131 ter\u00f6r \u00f6rg\u00fctleri listesine al\u0131nmalar\u0131n\u0131 engellediklerini hat\u0131rlatan bakanl\u0131k; bu devletlerin \u2018\u0131l\u0131ml\u0131 muhalifler\u2019 ad\u0131 alt\u0131nda ter\u00f6re desteklerini s\u00fcrd\u00fcrme ve katliamlar\u0131 kar\u015f\u0131s\u0131nda uluslar aras\u0131 toplumu sessiz k\u0131lmaya zorlama planlar\u0131n\u0131 kan\u0131tlad\u0131\u011f\u0131n\u0131 ifade etti<\/p>\n","protected":false},"author":1,"featured_media":0,"comment_status":"closed","ping_status":"closed","sticky":false,"template":"","format":"standard","meta":{"footnotes":""},"categories":[17991],"tags":[],"class_list":["post-73981","post","type-post","status-publish","format-standard","","category-son-dakika"],"_links":{"self":[{"href":"https:\/\/archive.sana.sy\/tr\/index.php?rest_route=\/wp\/v2\/posts\/73981","targetHints":{"allow":["GET"]}}],"collection":[{"href":"https:\/\/archive.sana.sy\/tr\/index.php?rest_route=\/wp\/v2\/posts"}],"about":[{"href":"https:\/\/archive.sana.sy\/tr\/index.php?rest_route=\/wp\/v2\/types\/post"}],"author":[{"embeddable":true,"href":"https:\/\/archive.sana.sy\/tr\/index.php?rest_route=\/wp\/v2\/users\/1"}],"replies":[{"embeddable":true,"href":"https:\/\/archive.sana.sy\/tr\/index.php?rest_route=%2Fwp%2Fv2%2Fcomments&post=73981"}],"version-history":[{"count":0,"href":"https:\/\/archive.sana.sy\/tr\/index.php?rest_route=\/wp\/v2\/posts\/73981\/revisions"}],"wp:attachment":[{"href":"https:\/\/archive.sana.sy\/tr\/index.php?rest_route=%2Fwp%2Fv2%2Fmedia&parent=73981"}],"wp:term":[{"taxonomy":"category","embeddable":true,"href":"https:\/\/archive.sana.sy\/tr\/index.php?rest_route=%2Fwp%2Fv2%2Fcategories&post=73981"},{"taxonomy":"post_tag","embeddable":true,"href":"https:\/\/archive.sana.sy\/tr\/index.php?rest_route=%2Fwp%2Fv2%2Ftags&post=73981"}],"curies":[{"name":"wp","href":"https:\/\/api.w.org\/{rel}","templated":true}]}}