{"id":73982,"date":"2016-05-23T17:50:29","date_gmt":"2016-05-23T14:50:29","guid":{"rendered":"http:\/\/www.sana.sy\/tr\/?p=73982"},"modified":"2016-05-23T17:40:17","modified_gmt":"2016-05-23T14:40:17","slug":"bakanlik-tum-bunlarin-ayni-zamanda-bolge-ve-tum-dunya-halklarina-karsi-ciddi-bir-tehlike-teskil-eden-terorle-mucadeledeki-ciddiyetsizliklerini-de-ortaya-koydugunun-altini-cizdi","status":"publish","type":"post","link":"https:\/\/archive.sana.sy\/tr\/?p=73982","title":{"rendered":"Bakanl\u0131k t\u00fcm bunlar\u0131n ayn\u0131 zamanda b\u00f6lge ve t\u00fcm d\u00fcnya halklar\u0131na kar\u015f\u0131 ciddi bir tehlike te\u015fkil eden ter\u00f6rle m\u00fccadeledeki ciddiyetsizliklerini de ortaya koydu\u011funun alt\u0131n\u0131 \u00e7izdi"},"content":{"rendered":"<p>Bakanl\u0131k t\u00fcm bunlar\u0131n ayn\u0131 zamanda b\u00f6lge ve t\u00fcm d\u00fcnya halklar\u0131na kar\u015f\u0131 ciddi bir tehlike te\u015fkil eden ter\u00f6rle m\u00fccadeledeki ciddiyetsizliklerini de ortaya koydu\u011funun alt\u0131n\u0131 \u00e7izdi<\/p>\n","protected":false},"excerpt":{"rendered":"<p>Bakanl\u0131k t\u00fcm bunlar\u0131n ayn\u0131 zamanda b\u00f6lge ve t\u00fcm d\u00fcnya halklar\u0131na kar\u015f\u0131 ciddi bir tehlike te\u015fkil eden ter\u00f6rle m\u00fccadeledeki ciddiyetsizliklerini de ortaya koydu\u011funun alt\u0131n\u0131 \u00e7izdi<\/p>\n","protected":false},"author":1,"featured_media":0,"comment_status":"closed","ping_status":"closed","sticky":false,"template":"","format":"standard","meta":{"footnotes":""},"categories":[17991],"tags":[],"class_list":["post-73982","post","type-post","status-publish","format-standard","","category-son-dakika"],"_links":{"self":[{"href":"https:\/\/archive.sana.sy\/tr\/index.php?rest_route=\/wp\/v2\/posts\/73982","targetHints":{"allow":["GET"]}}],"collection":[{"href":"https:\/\/archive.sana.sy\/tr\/index.php?rest_route=\/wp\/v2\/posts"}],"about":[{"href":"https:\/\/archive.sana.sy\/tr\/index.php?rest_route=\/wp\/v2\/types\/post"}],"author":[{"embeddable":true,"href":"https:\/\/archive.sana.sy\/tr\/index.php?rest_route=\/wp\/v2\/users\/1"}],"replies":[{"embeddable":true,"href":"https:\/\/archive.sana.sy\/tr\/index.php?rest_route=%2Fwp%2Fv2%2Fcomments&post=73982"}],"version-history":[{"count":0,"href":"https:\/\/archive.sana.sy\/tr\/index.php?rest_route=\/wp\/v2\/posts\/73982\/revisions"}],"wp:attachment":[{"href":"https:\/\/archive.sana.sy\/tr\/index.php?rest_route=%2Fwp%2Fv2%2Fmedia&parent=73982"}],"wp:term":[{"taxonomy":"category","embeddable":true,"href":"https:\/\/archive.sana.sy\/tr\/index.php?rest_route=%2Fwp%2Fv2%2Fcategories&post=73982"},{"taxonomy":"post_tag","embeddable":true,"href":"https:\/\/archive.sana.sy\/tr\/index.php?rest_route=%2Fwp%2Fv2%2Ftags&post=73982"}],"curies":[{"name":"wp","href":"https:\/\/api.w.org\/{rel}","templated":true}]}}