{"id":73989,"date":"2016-05-24T11:10:50","date_gmt":"2016-05-24T08:10:50","guid":{"rendered":"http:\/\/www.sana.sy\/tr\/?p=73989"},"modified":"2016-05-24T14:09:04","modified_gmt":"2016-05-24T11:09:04","slug":"cumhurbaskani-bessar-el-esad-bugun-halk-meclisinin-06-06-2016-pazartesi-gunu-ikinci-yasama-doneminin-ilk-toplantisini-duzenlemeye-davet-eden-2016146-sayili-kararnameyi-onayladi","status":"publish","type":"post","link":"https:\/\/archive.sana.sy\/tr\/?p=73989","title":{"rendered":"Cumhurba\u015fkan\u0131 Be\u015f\u015far el Esad bug\u00fcn Halk Meclisinin 06-06-2016 Pazartesi g\u00fcn\u00fc ikinci yasama d\u00f6neminin ilk toplant\u0131s\u0131n\u0131 d\u00fczenlemeye davet eden 2016\/146 say\u0131l\u0131 kararnameyi onaylad\u0131"},"content":{"rendered":"<p>Cumhurba\u015fkan\u0131 Be\u015f\u015far el Esad bug\u00fcn Halk Meclisinin 06-06-2016 Pazartesi g\u00fcn\u00fc ikinci yasama d\u00f6neminin ilk toplant\u0131s\u0131n\u0131 d\u00fczenlemeye davet eden 2016\/146 say\u0131l\u0131 kararnameyi onaylad\u0131<\/p>\n","protected":false},"excerpt":{"rendered":"<p>Cumhurba\u015fkan\u0131 Be\u015f\u015far el Esad bug\u00fcn Halk Meclisinin 06-06-2016 Pazartesi g\u00fcn\u00fc ikinci yasama d\u00f6neminin ilk toplant\u0131s\u0131n\u0131 d\u00fczenlemeye davet eden 2016\/146 say\u0131l\u0131 kararnameyi onaylad\u0131<\/p>\n","protected":false},"author":1,"featured_media":0,"comment_status":"closed","ping_status":"closed","sticky":false,"template":"","format":"standard","meta":{"footnotes":""},"categories":[17991],"tags":[],"class_list":["post-73989","post","type-post","status-publish","format-standard","","category-son-dakika"],"_links":{"self":[{"href":"https:\/\/archive.sana.sy\/tr\/index.php?rest_route=\/wp\/v2\/posts\/73989","targetHints":{"allow":["GET"]}}],"collection":[{"href":"https:\/\/archive.sana.sy\/tr\/index.php?rest_route=\/wp\/v2\/posts"}],"about":[{"href":"https:\/\/archive.sana.sy\/tr\/index.php?rest_route=\/wp\/v2\/types\/post"}],"author":[{"embeddable":true,"href":"https:\/\/archive.sana.sy\/tr\/index.php?rest_route=\/wp\/v2\/users\/1"}],"replies":[{"embeddable":true,"href":"https:\/\/archive.sana.sy\/tr\/index.php?rest_route=%2Fwp%2Fv2%2Fcomments&post=73989"}],"version-history":[{"count":0,"href":"https:\/\/archive.sana.sy\/tr\/index.php?rest_route=\/wp\/v2\/posts\/73989\/revisions"}],"wp:attachment":[{"href":"https:\/\/archive.sana.sy\/tr\/index.php?rest_route=%2Fwp%2Fv2%2Fmedia&parent=73989"}],"wp:term":[{"taxonomy":"category","embeddable":true,"href":"https:\/\/archive.sana.sy\/tr\/index.php?rest_route=%2Fwp%2Fv2%2Fcategories&post=73989"},{"taxonomy":"post_tag","embeddable":true,"href":"https:\/\/archive.sana.sy\/tr\/index.php?rest_route=%2Fwp%2Fv2%2Ftags&post=73989"}],"curies":[{"name":"wp","href":"https:\/\/api.w.org\/{rel}","templated":true}]}}