{"id":73996,"date":"2016-05-24T14:08:22","date_gmt":"2016-05-24T11:08:22","guid":{"rendered":"http:\/\/www.sana.sy\/tr\/?p=73996"},"modified":"2016-05-25T17:07:56","modified_gmt":"2016-05-25T14:07:56","slug":"meclisi-ilk-oturuma-davet-eden-kararnameyi-onayladi","status":"publish","type":"post","link":"https:\/\/archive.sana.sy\/tr\/?p=73996","title":{"rendered":"Meclisi \u0130lk Oturuma Davet Eden Kararnameyi Onaylad\u0131"},"content":{"rendered":"<p>\u015eAM \u2013 Cumhurba\u015fkan\u0131 Be\u015f\u015far el Esad bug\u00fcn Halk Meclisinin 06-06-2016 Pazartesi g\u00fcn\u00fc ikinci yasama d\u00f6neminin ilk toplant\u0131s\u0131n\u0131 d\u00fczenlemeye davet eden 2016\/146 say\u0131l\u0131 kararnameyi onaylad\u0131.<\/p>\n<p>El Esad; 13 nisan tarihinde yo\u011fun kat\u0131l\u0131mla yap\u0131lan ve ba\u011f\u0131ms\u0131z bir yarg\u0131 taraf\u0131ndan denetlenen Halk Meclisi se\u00e7imleriyle meclise giren milletvekilleri listesini 2016\/127 say\u0131l\u0131 kararnameyle onaylam\u0131\u015ft\u0131.<\/p>\n","protected":false},"excerpt":{"rendered":"<p>\u015eAM \u2013 Cumhurba\u015fkan\u0131 Be\u015f\u015far el Esad bug\u00fcn Halk Meclisinin 06-06-2016 Pazartesi g\u00fcn\u00fc ikinci yasama d\u00f6neminin ilk toplant\u0131s\u0131n\u0131 d\u00fczenlemeye davet eden 2016\/146 say\u0131l\u0131 kararnameyi onaylad\u0131. El Esad; 13 nisan tarihinde yo\u011fun kat\u0131l\u0131mla yap\u0131lan ve ba\u011f\u0131ms\u0131z bir yarg\u0131 taraf\u0131ndan denetlenen Halk Meclisi se\u00e7imleriyle meclise giren milletvekilleri listesini 2016\/127 say\u0131l\u0131 kararnameyle onaylam\u0131\u015ft\u0131.<\/p>\n","protected":false},"author":1,"featured_media":64924,"comment_status":"closed","ping_status":"closed","sticky":false,"template":"","format":"standard","meta":{"footnotes":""},"categories":[479,605,17988,612,599,478],"tags":[17256,8767,16838,18423,16714],"class_list":["post-73996","post","type-post","status-publish","format-standard","has-post-thumbnail","","category-haberler-yerel","category-sayin-cumhurbaskani","category-son-haberler","category-yasama-kararnameler","category-yasama-ve-kanunlar","category-yerel","tag-bessar-el-esad","tag-cumhurbaskani","tag-halk-meclisi","tag-kanunname","tag-yasama-karari"],"_links":{"self":[{"href":"https:\/\/archive.sana.sy\/tr\/index.php?rest_route=\/wp\/v2\/posts\/73996","targetHints":{"allow":["GET"]}}],"collection":[{"href":"https:\/\/archive.sana.sy\/tr\/index.php?rest_route=\/wp\/v2\/posts"}],"about":[{"href":"https:\/\/archive.sana.sy\/tr\/index.php?rest_route=\/wp\/v2\/types\/post"}],"author":[{"embeddable":true,"href":"https:\/\/archive.sana.sy\/tr\/index.php?rest_route=\/wp\/v2\/users\/1"}],"replies":[{"embeddable":true,"href":"https:\/\/archive.sana.sy\/tr\/index.php?rest_route=%2Fwp%2Fv2%2Fcomments&post=73996"}],"version-history":[{"count":0,"href":"https:\/\/archive.sana.sy\/tr\/index.php?rest_route=\/wp\/v2\/posts\/73996\/revisions"}],"wp:featuredmedia":[{"embeddable":true,"href":"https:\/\/archive.sana.sy\/tr\/index.php?rest_route=\/wp\/v2\/media\/64924"}],"wp:attachment":[{"href":"https:\/\/archive.sana.sy\/tr\/index.php?rest_route=%2Fwp%2Fv2%2Fmedia&parent=73996"}],"wp:term":[{"taxonomy":"category","embeddable":true,"href":"https:\/\/archive.sana.sy\/tr\/index.php?rest_route=%2Fwp%2Fv2%2Fcategories&post=73996"},{"taxonomy":"post_tag","embeddable":true,"href":"https:\/\/archive.sana.sy\/tr\/index.php?rest_route=%2Fwp%2Fv2%2Ftags&post=73996"}],"curies":[{"name":"wp","href":"https:\/\/api.w.org\/{rel}","templated":true}]}}