{"id":74004,"date":"2016-05-24T14:42:36","date_gmt":"2016-05-24T11:42:36","guid":{"rendered":"http:\/\/www.sana.sy\/tr\/?p=74004"},"modified":"2016-05-24T14:48:59","modified_gmt":"2016-05-24T11:48:59","slug":"cumhurbaskani-el-esadin-yonlendirmeleri-dogrultusunda-baas-partisi-genel-sekreter-yardimcisi-hilal-el-hilal-dun-tartusta-bombali-teror-eylemlerinin-meydana-geldigi-yerlere-saha-ziyar","status":"publish","type":"post","link":"https:\/\/archive.sana.sy\/tr\/?p=74004","title":{"rendered":"Cumhurba\u015fkan\u0131 el Esad\u2019\u0131n y\u00f6nlendirmeleri do\u011frultusunda Baas Partisi Genel Sekreter Yard\u0131mc\u0131s\u0131 Hilal el Hilal d\u00fcn Tartus\u2019ta bombal\u0131 ter\u00f6r eylemlerinin meydana geldi\u011fi yerlere saha ziyaretinde bulunarak meydana gelen hasar hacmini inceledi"},"content":{"rendered":"<p>Cumhurba\u015fkan\u0131 el Esad\u2019\u0131n y\u00f6nlendirmeleri do\u011frultusunda Baas Partisi Genel Sekreter Yard\u0131mc\u0131s\u0131 Hilal el Hilal d\u00fcn Tartus\u2019ta bombal\u0131 ter\u00f6r eylemlerinin meydana geldi\u011fi yerlere saha ziyaretinde bulunarak meydana gelen hasar hacmini inceledi<\/p>\n","protected":false},"excerpt":{"rendered":"<p>Cumhurba\u015fkan\u0131 el Esad\u2019\u0131n y\u00f6nlendirmeleri do\u011frultusunda Baas Partisi Genel Sekreter Yard\u0131mc\u0131s\u0131 Hilal el Hilal d\u00fcn Tartus\u2019ta bombal\u0131 ter\u00f6r eylemlerinin meydana geldi\u011fi yerlere saha ziyaretinde bulunarak meydana gelen hasar hacmini inceledi<\/p>\n","protected":false},"author":1,"featured_media":0,"comment_status":"closed","ping_status":"closed","sticky":false,"template":"","format":"standard","meta":{"footnotes":""},"categories":[17991],"tags":[],"class_list":["post-74004","post","type-post","status-publish","format-standard","","category-son-dakika"],"_links":{"self":[{"href":"https:\/\/archive.sana.sy\/tr\/index.php?rest_route=\/wp\/v2\/posts\/74004","targetHints":{"allow":["GET"]}}],"collection":[{"href":"https:\/\/archive.sana.sy\/tr\/index.php?rest_route=\/wp\/v2\/posts"}],"about":[{"href":"https:\/\/archive.sana.sy\/tr\/index.php?rest_route=\/wp\/v2\/types\/post"}],"author":[{"embeddable":true,"href":"https:\/\/archive.sana.sy\/tr\/index.php?rest_route=\/wp\/v2\/users\/1"}],"replies":[{"embeddable":true,"href":"https:\/\/archive.sana.sy\/tr\/index.php?rest_route=%2Fwp%2Fv2%2Fcomments&post=74004"}],"version-history":[{"count":0,"href":"https:\/\/archive.sana.sy\/tr\/index.php?rest_route=\/wp\/v2\/posts\/74004\/revisions"}],"wp:attachment":[{"href":"https:\/\/archive.sana.sy\/tr\/index.php?rest_route=%2Fwp%2Fv2%2Fmedia&parent=74004"}],"wp:term":[{"taxonomy":"category","embeddable":true,"href":"https:\/\/archive.sana.sy\/tr\/index.php?rest_route=%2Fwp%2Fv2%2Fcategories&post=74004"},{"taxonomy":"post_tag","embeddable":true,"href":"https:\/\/archive.sana.sy\/tr\/index.php?rest_route=%2Fwp%2Fv2%2Ftags&post=74004"}],"curies":[{"name":"wp","href":"https:\/\/api.w.org\/{rel}","templated":true}]}}