{"id":74021,"date":"2016-05-24T16:16:19","date_gmt":"2016-05-24T13:16:19","guid":{"rendered":"http:\/\/sana.sy\/tr\/?p=74021"},"modified":"2016-05-25T16:49:21","modified_gmt":"2016-05-25T13:49:21","slug":"patlama-yerlerini-inceleyen-hilal-yaralilari-da-ziyaret-etti","status":"publish","type":"post","link":"https:\/\/archive.sana.sy\/tr\/?p=74021","title":{"rendered":"Patlama Yerlerini \u0130nceleyen Hilal, Yaral\u0131lar\u0131 da Ziyaret Etti(video)"},"content":{"rendered":"<p>TARTUS \u2013 Sosyalist Arap el Baas Partisi Genel Sekreter Yard\u0131mc\u0131s\u0131 Hilal el Hilal d\u00fcn Tartus\u2019ta meydana gelen bombal\u0131 ter\u00f6r eylemleri sonucunda meydana gelen hasar\u0131 incelerken, vatanda\u015flar\u0131n talep ve \u00f6nerilerini de dinledi.<\/p>\n<p><a href=\"http:\/\/sana.sy\/tr\/wp-content\/uploads\/2016\/05\/Hilal-1-1.jpg\"><img loading=\"lazy\" decoding=\"async\" class=\"alignright wp-image-74053 size-medium\" src=\"http:\/\/sana.sy\/tr\/wp-content\/uploads\/2016\/05\/Hilal-1-1-300x200.jpg\" alt=\"Hilal 1\" width=\"300\" height=\"200\" srcset=\"https:\/\/archive.sana.sy\/tr\/wp-content\/uploads\/2016\/05\/Hilal-1-1-300x200.jpg 300w, https:\/\/archive.sana.sy\/tr\/wp-content\/uploads\/2016\/05\/Hilal-1-1-150x100.jpg 150w, https:\/\/archive.sana.sy\/tr\/wp-content\/uploads\/2016\/05\/Hilal-1-1-768x512.jpg 768w, https:\/\/archive.sana.sy\/tr\/wp-content\/uploads\/2016\/05\/Hilal-1-1-1024x682.jpg 1024w\" sizes=\"auto, (max-width: 300px) 100vw, 300px\" \/><\/a>Saha gezisi s\u0131ras\u0131nda bas\u0131n mensuplar\u0131na a\u00e7\u0131klama yapan Hilal; Suriye ve halk\u0131n\u0131 hedef alan sava\u015fta yurt genelinde say\u0131s\u0131z \u015fehit takdim eden Tartus\u2019un t\u00fcm Suriyelilerin y\u00fcre\u011finde ve akl\u0131nda oldu\u011funu ifade etti. Hilal ter\u00f6re kar\u015f\u0131 e\u015fsiz bir \u00f6zveri ve kahramanl\u0131kla sava\u015fan Tartus ahalisinin tutum ve yurtseverliklerini \u00f6vd\u00fc.<\/p>\n<p>Savunmas\u0131z sivil insanlar\u0131 hain ve korkak bombal\u0131 eylemlerle hedef alan katil hainlerin, Suriye ve halk\u0131n\u0131 par\u00e7alamalar\u0131n\u0131n m\u00fcmk\u00fcn olmad\u0131\u011f\u0131n\u0131 ifade eden Hilal, Tartus ahalisinin yurtsever tutumlar\u0131yla da bu emellerini suya d\u00fc\u015f\u00fcrd\u00fcklerini belirtti.<\/p>\n<p>Hilal T\u00fcrkiye ve Suudi Arabistan\u2019daki efendilerinin direktifleri ve daha ba\u015fka kimi devletlerin deste\u011fi ile insanl\u0131k d\u0131\u015f\u0131 vah\u015fetlerini i\u015fleyen ter\u00f6ristlerin k\u00f6k\u00fcn\u00fc kaz\u0131mada Suriye&#8217;nin ordusu ve halk\u0131yla omuz omuza sava\u015f\u0131n\u0131 azimle s\u00fcrd\u00fcrece\u011fini belirtti.<\/p>\n<p>Baas Partisi Genel Sekreter Yard\u0131mc\u0131s\u0131 Hilal; Cumhurba\u015fkan\u0131 Be\u015f\u015far el Esad\u2019\u0131n, Ceble ve Tartus\u2019ta meydana gelen bombal\u0131 ter\u00f6r eylemleri ma\u011fdurlar\u0131na direk ve acil tazminat \u00f6denmesi y\u00f6nlendirmelerinde bulundu\u011funu belirtti.<\/p>\n<p><a href=\"http:\/\/sana.sy\/tr\/wp-content\/uploads\/2016\/05\/Hilal-2.jpg\"><img loading=\"lazy\" decoding=\"async\" class=\"alignright wp-image-74054 size-medium\" src=\"http:\/\/sana.sy\/tr\/wp-content\/uploads\/2016\/05\/Hilal-2-300x200.jpg\" alt=\"Hilal 2\" width=\"300\" height=\"200\" srcset=\"https:\/\/archive.sana.sy\/tr\/wp-content\/uploads\/2016\/05\/Hilal-2-300x200.jpg 300w, https:\/\/archive.sana.sy\/tr\/wp-content\/uploads\/2016\/05\/Hilal-2-150x100.jpg 150w, https:\/\/archive.sana.sy\/tr\/wp-content\/uploads\/2016\/05\/Hilal-2-768x512.jpg 768w, https:\/\/archive.sana.sy\/tr\/wp-content\/uploads\/2016\/05\/Hilal-2-1024x682.jpg 1024w\" sizes=\"auto, (max-width: 300px) 100vw, 300px\" \/><\/a>Patlama yerlerine incelemelerden sonra Hilal kendisine e\u015flik eden heyetle birlikte bu hain eylemlerde yaralanan vatanda\u015flar\u0131 tedavi g\u00f6rd\u00fckleri Basil Hastanesinde ziyaret ederek sa\u011fl\u0131k durumlar\u0131 hakk\u0131nda bilgi ald\u0131. Hilal yaral\u0131lara ge\u00e7mi\u015f olsun dileklerini ifade ederken, gereken t\u00fcm t\u0131bbi yard\u0131mlar\u0131n en iyi \u015fekilde temin edilmesi y\u00f6nlendirmelerinde bulundu.<\/p>\n<p>Saha gezisinin bitiminde Hilal, patlamalarda hayat\u0131n\u0131 yitiren bir \u015fehidin ailesini ziyaret ederek taziyelerini takdim etti.<\/p>\n<p>S\u00f6z konusu saha gezisinde Hilal\u2019e Baas Partisi Ulusal Y\u00f6netim merkez kurulu \u00fcyesi ve Ekonomi Ofisi Ba\u015fkan\u0131 Malik Ali ve Organizasyon Ofisi Ba\u015fkan\u0131 Yusuf Ahmet\u2019in yan\u0131 s\u0131ra Elektrik Bakan\u0131 \u0130mad Hamis, Tartus Valisi Safvan Ebu Sadi ve Baas Partisi Tartus \u0130l Ba\u015fkan\u0131 Gassan Asaad e\u015flik ettiler.<\/p>\n<p>https:\/\/youtu.be\/n0sTWLW7ftM<\/p>\n<div id='gallery-1' class='gallery galleryid-74021 gallery-columns-3 gallery-size-thumbnail'><figure class='gallery-item'>\n\t\t\t<div class='gallery-icon landscape'>\n\t\t\t\t<a href='https:\/\/archive.sana.sy\/tr\/wp-content\/uploads\/2016\/05\/Hilal-6.jpg'><img loading=\"lazy\" decoding=\"async\" width=\"150\" height=\"100\" src=\"https:\/\/archive.sana.sy\/tr\/wp-content\/uploads\/2016\/05\/Hilal-6-150x100.jpg\" class=\"attachment-thumbnail size-thumbnail\" alt=\"\" srcset=\"https:\/\/archive.sana.sy\/tr\/wp-content\/uploads\/2016\/05\/Hilal-6-150x100.jpg 150w, https:\/\/archive.sana.sy\/tr\/wp-content\/uploads\/2016\/05\/Hilal-6-300x200.jpg 300w, https:\/\/archive.sana.sy\/tr\/wp-content\/uploads\/2016\/05\/Hilal-6-768x512.jpg 768w, https:\/\/archive.sana.sy\/tr\/wp-content\/uploads\/2016\/05\/Hilal-6-1024x682.jpg 1024w, https:\/\/archive.sana.sy\/tr\/wp-content\/uploads\/2016\/05\/Hilal-6-310x205.jpg 310w\" sizes=\"auto, (max-width: 150px) 100vw, 150px\" \/><\/a>\n\t\t\t<\/div><\/figure><figure class='gallery-item'>\n\t\t\t<div class='gallery-icon landscape'>\n\t\t\t\t<a href='https:\/\/archive.sana.sy\/tr\/wp-content\/uploads\/2016\/05\/Hilal-3.jpg'><img loading=\"lazy\" decoding=\"async\" width=\"150\" height=\"100\" src=\"https:\/\/archive.sana.sy\/tr\/wp-content\/uploads\/2016\/05\/Hilal-3-150x100.jpg\" class=\"attachment-thumbnail size-thumbnail\" alt=\"\" srcset=\"https:\/\/archive.sana.sy\/tr\/wp-content\/uploads\/2016\/05\/Hilal-3-150x100.jpg 150w, https:\/\/archive.sana.sy\/tr\/wp-content\/uploads\/2016\/05\/Hilal-3-300x200.jpg 300w, https:\/\/archive.sana.sy\/tr\/wp-content\/uploads\/2016\/05\/Hilal-3-768x512.jpg 768w, https:\/\/archive.sana.sy\/tr\/wp-content\/uploads\/2016\/05\/Hilal-3-1024x682.jpg 1024w, https:\/\/archive.sana.sy\/tr\/wp-content\/uploads\/2016\/05\/Hilal-3-310x205.jpg 310w\" sizes=\"auto, (max-width: 150px) 100vw, 150px\" \/><\/a>\n\t\t\t<\/div><\/figure><figure class='gallery-item'>\n\t\t\t<div class='gallery-icon landscape'>\n\t\t\t\t<a href='https:\/\/archive.sana.sy\/tr\/wp-content\/uploads\/2016\/05\/Hilal-5.jpg'><img loading=\"lazy\" decoding=\"async\" width=\"150\" height=\"100\" src=\"https:\/\/archive.sana.sy\/tr\/wp-content\/uploads\/2016\/05\/Hilal-5-150x100.jpg\" class=\"attachment-thumbnail size-thumbnail\" alt=\"\" srcset=\"https:\/\/archive.sana.sy\/tr\/wp-content\/uploads\/2016\/05\/Hilal-5-150x100.jpg 150w, https:\/\/archive.sana.sy\/tr\/wp-content\/uploads\/2016\/05\/Hilal-5-300x200.jpg 300w, https:\/\/archive.sana.sy\/tr\/wp-content\/uploads\/2016\/05\/Hilal-5-768x512.jpg 768w, https:\/\/archive.sana.sy\/tr\/wp-content\/uploads\/2016\/05\/Hilal-5-1024x682.jpg 1024w, https:\/\/archive.sana.sy\/tr\/wp-content\/uploads\/2016\/05\/Hilal-5-310x205.jpg 310w\" sizes=\"auto, (max-width: 150px) 100vw, 150px\" \/><\/a>\n\t\t\t<\/div><\/figure><figure class='gallery-item'>\n\t\t\t<div class='gallery-icon landscape'>\n\t\t\t\t<a href='https:\/\/archive.sana.sy\/tr\/wp-content\/uploads\/2016\/05\/Hilal-7.jpg'><img loading=\"lazy\" decoding=\"async\" width=\"150\" height=\"100\" src=\"https:\/\/archive.sana.sy\/tr\/wp-content\/uploads\/2016\/05\/Hilal-7-150x100.jpg\" class=\"attachment-thumbnail size-thumbnail\" alt=\"\" srcset=\"https:\/\/archive.sana.sy\/tr\/wp-content\/uploads\/2016\/05\/Hilal-7-150x100.jpg 150w, https:\/\/archive.sana.sy\/tr\/wp-content\/uploads\/2016\/05\/Hilal-7-300x200.jpg 300w, https:\/\/archive.sana.sy\/tr\/wp-content\/uploads\/2016\/05\/Hilal-7-768x512.jpg 768w, https:\/\/archive.sana.sy\/tr\/wp-content\/uploads\/2016\/05\/Hilal-7-1024x682.jpg 1024w, https:\/\/archive.sana.sy\/tr\/wp-content\/uploads\/2016\/05\/Hilal-7-310x205.jpg 310w\" sizes=\"auto, (max-width: 150px) 100vw, 150px\" \/><\/a>\n\t\t\t<\/div><\/figure><figure class='gallery-item'>\n\t\t\t<div class='gallery-icon landscape'>\n\t\t\t\t<a href='https:\/\/archive.sana.sy\/tr\/wp-content\/uploads\/2016\/05\/Hilal-4.jpg'><img loading=\"lazy\" decoding=\"async\" width=\"150\" height=\"100\" src=\"https:\/\/archive.sana.sy\/tr\/wp-content\/uploads\/2016\/05\/Hilal-4-150x100.jpg\" class=\"attachment-thumbnail size-thumbnail\" alt=\"\" srcset=\"https:\/\/archive.sana.sy\/tr\/wp-content\/uploads\/2016\/05\/Hilal-4-150x100.jpg 150w, https:\/\/archive.sana.sy\/tr\/wp-content\/uploads\/2016\/05\/Hilal-4-300x200.jpg 300w, https:\/\/archive.sana.sy\/tr\/wp-content\/uploads\/2016\/05\/Hilal-4-768x512.jpg 768w, https:\/\/archive.sana.sy\/tr\/wp-content\/uploads\/2016\/05\/Hilal-4-1024x682.jpg 1024w, https:\/\/archive.sana.sy\/tr\/wp-content\/uploads\/2016\/05\/Hilal-4-310x205.jpg 310w\" sizes=\"auto, (max-width: 150px) 100vw, 150px\" \/><\/a>\n\t\t\t<\/div><\/figure><figure class='gallery-item'>\n\t\t\t<div class='gallery-icon landscape'>\n\t\t\t\t<a href='https:\/\/archive.sana.sy\/tr\/wp-content\/uploads\/2016\/05\/Hilal-8.jpg'><img loading=\"lazy\" decoding=\"async\" width=\"150\" height=\"100\" src=\"https:\/\/archive.sana.sy\/tr\/wp-content\/uploads\/2016\/05\/Hilal-8-150x100.jpg\" class=\"attachment-thumbnail size-thumbnail\" alt=\"\" srcset=\"https:\/\/archive.sana.sy\/tr\/wp-content\/uploads\/2016\/05\/Hilal-8-150x100.jpg 150w, https:\/\/archive.sana.sy\/tr\/wp-content\/uploads\/2016\/05\/Hilal-8-300x200.jpg 300w, https:\/\/archive.sana.sy\/tr\/wp-content\/uploads\/2016\/05\/Hilal-8-768x512.jpg 768w, https:\/\/archive.sana.sy\/tr\/wp-content\/uploads\/2016\/05\/Hilal-8-1024x682.jpg 1024w, https:\/\/archive.sana.sy\/tr\/wp-content\/uploads\/2016\/05\/Hilal-8-310x205.jpg 310w\" sizes=\"auto, (max-width: 150px) 100vw, 150px\" \/><\/a>\n\t\t\t<\/div><\/figure>\n\t\t<\/div>\n\n","protected":false},"excerpt":{"rendered":"<p>TARTUS \u2013 Sosyalist Arap el Baas Partisi Genel Sekreter Yard\u0131mc\u0131s\u0131 Hilal el Hilal d\u00fcn Tartus\u2019ta meydana gelen bombal\u0131 ter\u00f6r eylemleri sonucunda meydana gelen hasar\u0131 incelerken, vatanda\u015flar\u0131n talep ve \u00f6nerilerini de dinledi. Saha gezisi s\u0131ras\u0131nda bas\u0131n mensuplar\u0131na a\u00e7\u0131klama yapan Hilal; Suriye ve halk\u0131n\u0131 hedef alan sava\u015fta yurt genelinde say\u0131s\u0131z \u015fehit takdim eden Tartus\u2019un t\u00fcm Suriyelilerin y\u00fcre\u011finde &hellip;<\/p>\n","protected":false},"author":1,"featured_media":74051,"comment_status":"closed","ping_status":"closed","sticky":false,"template":"","format":"standard","meta":{"footnotes":""},"categories":[596,479,17988,478],"tags":[],"class_list":["post-74021","post","type-post","status-publish","format-standard","has-post-thumbnail","","category-fotografli-raporlar","category-haberler-yerel","category-son-haberler","category-yerel"],"_links":{"self":[{"href":"https:\/\/archive.sana.sy\/tr\/index.php?rest_route=\/wp\/v2\/posts\/74021","targetHints":{"allow":["GET"]}}],"collection":[{"href":"https:\/\/archive.sana.sy\/tr\/index.php?rest_route=\/wp\/v2\/posts"}],"about":[{"href":"https:\/\/archive.sana.sy\/tr\/index.php?rest_route=\/wp\/v2\/types\/post"}],"author":[{"embeddable":true,"href":"https:\/\/archive.sana.sy\/tr\/index.php?rest_route=\/wp\/v2\/users\/1"}],"replies":[{"embeddable":true,"href":"https:\/\/archive.sana.sy\/tr\/index.php?rest_route=%2Fwp%2Fv2%2Fcomments&post=74021"}],"version-history":[{"count":0,"href":"https:\/\/archive.sana.sy\/tr\/index.php?rest_route=\/wp\/v2\/posts\/74021\/revisions"}],"wp:featuredmedia":[{"embeddable":true,"href":"https:\/\/archive.sana.sy\/tr\/index.php?rest_route=\/wp\/v2\/media\/74051"}],"wp:attachment":[{"href":"https:\/\/archive.sana.sy\/tr\/index.php?rest_route=%2Fwp%2Fv2%2Fmedia&parent=74021"}],"wp:term":[{"taxonomy":"category","embeddable":true,"href":"https:\/\/archive.sana.sy\/tr\/index.php?rest_route=%2Fwp%2Fv2%2Fcategories&post=74021"},{"taxonomy":"post_tag","embeddable":true,"href":"https:\/\/archive.sana.sy\/tr\/index.php?rest_route=%2Fwp%2Fv2%2Ftags&post=74021"}],"curies":[{"name":"wp","href":"https:\/\/api.w.org\/{rel}","templated":true}]}}