{"id":74032,"date":"2016-05-24T15:38:27","date_gmt":"2016-05-24T12:38:27","guid":{"rendered":"http:\/\/sana.sy\/tr\/?p=74032"},"modified":"2016-05-24T15:38:27","modified_gmt":"2016-05-24T12:38:27","slug":"teror-eylemleri-nedeniyle-dera-kentine-tehcir-edilen-ogrencileri-barindirma-projesi-baslatti","status":"publish","type":"post","link":"https:\/\/archive.sana.sy\/tr\/?p=74032","title":{"rendered":"Ter\u00f6r eylemleri nedeniyle Dera Kentine tehcir edilen \u00f6\u011frencileri bar\u0131nd\u0131rma projesi ba\u015flatt\u0131"},"content":{"rendered":"<p>Ter\u00f6r eylemleri nedeniyle Dera Kentine tehcir edilen \u00f6\u011frencileri bar\u0131nd\u0131rma projesi ba\u015flatt\u0131<\/p>\n<p>https:\/\/www.youtube.com\/watch?v=VufUkvWeFhQ<\/p>\n","protected":false},"excerpt":{"rendered":"<p>Ter\u00f6r eylemleri nedeniyle Dera Kentine tehcir edilen \u00f6\u011frencileri bar\u0131nd\u0131rma projesi ba\u015flatt\u0131 https:\/\/www.youtube.com\/watch?v=VufUkvWeFhQ<\/p>\n","protected":false},"author":1,"featured_media":74033,"comment_status":"closed","ping_status":"closed","sticky":false,"template":"","format":"standard","meta":{"footnotes":""},"categories":[18295],"tags":[],"class_list":["post-74032","post","type-post","status-publish","format-standard","has-post-thumbnail","","category-sana-video"],"_links":{"self":[{"href":"https:\/\/archive.sana.sy\/tr\/index.php?rest_route=\/wp\/v2\/posts\/74032","targetHints":{"allow":["GET"]}}],"collection":[{"href":"https:\/\/archive.sana.sy\/tr\/index.php?rest_route=\/wp\/v2\/posts"}],"about":[{"href":"https:\/\/archive.sana.sy\/tr\/index.php?rest_route=\/wp\/v2\/types\/post"}],"author":[{"embeddable":true,"href":"https:\/\/archive.sana.sy\/tr\/index.php?rest_route=\/wp\/v2\/users\/1"}],"replies":[{"embeddable":true,"href":"https:\/\/archive.sana.sy\/tr\/index.php?rest_route=%2Fwp%2Fv2%2Fcomments&post=74032"}],"version-history":[{"count":0,"href":"https:\/\/archive.sana.sy\/tr\/index.php?rest_route=\/wp\/v2\/posts\/74032\/revisions"}],"wp:featuredmedia":[{"embeddable":true,"href":"https:\/\/archive.sana.sy\/tr\/index.php?rest_route=\/wp\/v2\/media\/74033"}],"wp:attachment":[{"href":"https:\/\/archive.sana.sy\/tr\/index.php?rest_route=%2Fwp%2Fv2%2Fmedia&parent=74032"}],"wp:term":[{"taxonomy":"category","embeddable":true,"href":"https:\/\/archive.sana.sy\/tr\/index.php?rest_route=%2Fwp%2Fv2%2Fcategories&post=74032"},{"taxonomy":"post_tag","embeddable":true,"href":"https:\/\/archive.sana.sy\/tr\/index.php?rest_route=%2Fwp%2Fv2%2Ftags&post=74032"}],"curies":[{"name":"wp","href":"https:\/\/api.w.org\/{rel}","templated":true}]}}