{"id":74039,"date":"2016-05-24T15:42:51","date_gmt":"2016-05-24T12:42:51","guid":{"rendered":"http:\/\/sana.sy\/tr\/?p=74039"},"modified":"2016-05-24T15:42:51","modified_gmt":"2016-05-24T12:42:51","slug":"bilad-el-sam-ulemalar-birligi-ceble-ve-tartusta-meydana-gelen-bombali-teror-eylemlerini-kinadi","status":"publish","type":"post","link":"https:\/\/archive.sana.sy\/tr\/?p=74039","title":{"rendered":"Bilad el \u015eam Ulemalar Birli\u011fi Ceble ve Tartus\u2019ta meydana gelen bombal\u0131 ter\u00f6r eylemlerini k\u0131nad\u0131"},"content":{"rendered":"<p>Bilad el \u015eam Ulemalar Birli\u011fi Ceble ve Tartus\u2019ta meydana gelen bombal\u0131 ter\u00f6r eylemlerini k\u0131nad\u0131<\/p>\n<p>https:\/\/www.youtube.com\/watch?v=YeoTPlPVhHI<\/p>\n","protected":false},"excerpt":{"rendered":"<p>Bilad el \u015eam Ulemalar Birli\u011fi Ceble ve Tartus\u2019ta meydana gelen bombal\u0131 ter\u00f6r eylemlerini k\u0131nad\u0131 https:\/\/www.youtube.com\/watch?v=YeoTPlPVhHI<\/p>\n","protected":false},"author":1,"featured_media":74042,"comment_status":"closed","ping_status":"closed","sticky":false,"template":"","format":"standard","meta":{"footnotes":""},"categories":[18295],"tags":[],"class_list":["post-74039","post","type-post","status-publish","format-standard","has-post-thumbnail","","category-sana-video"],"_links":{"self":[{"href":"https:\/\/archive.sana.sy\/tr\/index.php?rest_route=\/wp\/v2\/posts\/74039","targetHints":{"allow":["GET"]}}],"collection":[{"href":"https:\/\/archive.sana.sy\/tr\/index.php?rest_route=\/wp\/v2\/posts"}],"about":[{"href":"https:\/\/archive.sana.sy\/tr\/index.php?rest_route=\/wp\/v2\/types\/post"}],"author":[{"embeddable":true,"href":"https:\/\/archive.sana.sy\/tr\/index.php?rest_route=\/wp\/v2\/users\/1"}],"replies":[{"embeddable":true,"href":"https:\/\/archive.sana.sy\/tr\/index.php?rest_route=%2Fwp%2Fv2%2Fcomments&post=74039"}],"version-history":[{"count":0,"href":"https:\/\/archive.sana.sy\/tr\/index.php?rest_route=\/wp\/v2\/posts\/74039\/revisions"}],"wp:featuredmedia":[{"embeddable":true,"href":"https:\/\/archive.sana.sy\/tr\/index.php?rest_route=\/wp\/v2\/media\/74042"}],"wp:attachment":[{"href":"https:\/\/archive.sana.sy\/tr\/index.php?rest_route=%2Fwp%2Fv2%2Fmedia&parent=74039"}],"wp:term":[{"taxonomy":"category","embeddable":true,"href":"https:\/\/archive.sana.sy\/tr\/index.php?rest_route=%2Fwp%2Fv2%2Fcategories&post=74039"},{"taxonomy":"post_tag","embeddable":true,"href":"https:\/\/archive.sana.sy\/tr\/index.php?rest_route=%2Fwp%2Fv2%2Ftags&post=74039"}],"curies":[{"name":"wp","href":"https:\/\/api.w.org\/{rel}","templated":true}]}}