{"id":74044,"date":"2016-05-24T16:30:55","date_gmt":"2016-05-24T13:30:55","guid":{"rendered":"http:\/\/sana.sy\/tr\/?p=74044"},"modified":"2016-05-25T16:49:01","modified_gmt":"2016-05-25T13:49:01","slug":"teror-eylemleri-magdurlarina-tazminat-odenecek","status":"publish","type":"post","link":"https:\/\/archive.sana.sy\/tr\/?p=74044","title":{"rendered":"Ter\u00f6r Eylemleri Ma\u011fdurlar\u0131na Tazminat \u00d6denecek"},"content":{"rendered":"<p>\u015eAM \u2013 Ba\u015fbakan Vail el Halaki ba\u015fkanl\u0131\u011f\u0131nda bug\u00fcn toplanan h\u00fck\u00fcmet, d\u00fcn Tartus kenti ve Lazkiye iline tabi Ceble Kentinde meydana gelen bombal\u0131 ter\u00f6r eylemleri sonucunda hasar g\u00f6ren vatanda\u015flara Cumhurba\u015fkan\u0131 Be\u015f\u015far el Esad\u2019\u0131n y\u00f6nlendirmeleri do\u011frultusunda acil ve direk tazminatlar\u0131n \u00f6denmesi karar\u0131 ald\u0131.<\/p>\n<p><a href=\"http:\/\/sana.sy\/tr\/wp-content\/uploads\/2016\/05\/Halaki-8.jpg\"><img loading=\"lazy\" decoding=\"async\" class=\"alignright wp-image-74048 size-medium\" src=\"http:\/\/sana.sy\/tr\/wp-content\/uploads\/2016\/05\/Halaki-8-300x183.jpg\" alt=\"Halaki\" width=\"300\" height=\"183\" srcset=\"https:\/\/archive.sana.sy\/tr\/wp-content\/uploads\/2016\/05\/Halaki-8-300x183.jpg 300w, https:\/\/archive.sana.sy\/tr\/wp-content\/uploads\/2016\/05\/Halaki-8-150x91.jpg 150w, https:\/\/archive.sana.sy\/tr\/wp-content\/uploads\/2016\/05\/Halaki-8-768x468.jpg 768w, https:\/\/archive.sana.sy\/tr\/wp-content\/uploads\/2016\/05\/Halaki-8-1024x624.jpg 1024w\" sizes=\"auto, (max-width: 300px) 100vw, 300px\" \/><\/a>H\u00fck\u00fcmetin Cumhurba\u015fkan\u0131 el Esad\u2019\u0131n y\u00f6nlendirmeleri do\u011frultusunda ald\u0131\u011f\u0131 kararda \u015fehit ailelerine mali yard\u0131mlar\u0131n verilmesi, hasar g\u00f6ren kamu m\u00fclklerin onar\u0131lmas\u0131 ve \u00f6zel m\u00fclk sahiplerine tazminatlar\u0131n \u00f6denmesi \u00f6ng\u00f6r\u00fcl\u00fcyor. Bombal\u0131 ter\u00f6r eyleminin ger\u00e7ekle\u015ftirildi\u011fi Ceble Devlet Hastanesinin onar\u0131lmas\u0131 ve hastane binas\u0131na ek bir binan\u0131n yap\u0131lmas\u0131n\u0131 da \u00f6ng\u00f6ren kararda; hastane onar\u0131m\u0131 ve yeni bina in\u015fas\u0131 i\u00e7in 850 milyon lira b\u00fct\u00e7e ayr\u0131ld\u0131.<\/p>\n<p>Karar\u0131 onaylamas\u0131 ard\u0131ndan oturum g\u00fcndeminde yer alan meselelerin tart\u0131\u015f\u0131ld\u0131\u011f\u0131 kabine toplant\u0131s\u0131nda Ba\u015fbakan Halaki; karaborsada ila\u00e7 ticareti yapan t\u00fcccarlara kar\u015f\u0131 gereken icraatlar\u0131n al\u0131nmas\u0131 ve ulusal ila\u00e7 sanayisinin desteklenmesi y\u00f6n\u00fcnde Sa\u011fl\u0131k Bakanl\u0131\u011f\u0131na gerekli y\u00f6nlendirmelerde bulundu.<\/p>\n<p>Halaki h\u00fck\u00fcmetin muhtelif sekt\u00f6rleriyle ulusal sanayinin yan\u0131 s\u0131ra tar\u0131msal \u00fcretim ve hayvani servetin korunup geli\u015ftirilmesine b\u00fcy\u00fck \u00f6zen g\u00f6sterdi\u011fini belirtti.<\/p>\n<p>Ramazan ay\u0131n\u0131n yakla\u015fmas\u0131yla \u0130\u00e7 Ticaret ve T\u00fcketici Koruma Bakanl\u0131\u011f\u0131ndan piyasada t\u00fcm vatanda\u015flar\u0131n gereksinimlerinin kar\u015f\u0131lanmas\u0131 ve fiyat denetiminin peki\u015ftirilmesi y\u00f6n\u00fcnde gereken icraatlar\u0131 almas\u0131n\u0131 talep eden Ba\u015fbakan Halaki; lira de\u011ferinin korunmas\u0131 y\u00f6n\u00fcnde harcanan \u00e7abalar\u0131n da peki\u015ftirilmesi y\u00f6nlendirmelerinde bulundu.<\/p>\n<p>Oturumda Hizmet \u0130\u015flerinden Sorumlu Ba\u015fbakan Yard\u0131mc\u0131s\u0131 Yerel \u0130dare Bakan\u0131 \u00d6mer Galavenci bakanl\u0131\u011f\u0131n \u00e7al\u0131\u015fmalar\u0131na ilaveten Ceble ve Tartus kentlerinde meydana gelen bombal\u0131 ter\u00f6r eylemlerinin yol a\u00e7t\u0131\u011f\u0131 hasarlar\u0131 onarma planlar\u0131 hakk\u0131nda sunum takdim etti.<\/p>\n","protected":false},"excerpt":{"rendered":"<p>\u015eAM \u2013 Ba\u015fbakan Vail el Halaki ba\u015fkanl\u0131\u011f\u0131nda bug\u00fcn toplanan h\u00fck\u00fcmet, d\u00fcn Tartus kenti ve Lazkiye iline tabi Ceble Kentinde meydana gelen bombal\u0131 ter\u00f6r eylemleri sonucunda hasar g\u00f6ren vatanda\u015flara Cumhurba\u015fkan\u0131 Be\u015f\u015far el Esad\u2019\u0131n y\u00f6nlendirmeleri do\u011frultusunda acil ve direk tazminatlar\u0131n \u00f6denmesi karar\u0131 ald\u0131. H\u00fck\u00fcmetin Cumhurba\u015fkan\u0131 el Esad\u2019\u0131n y\u00f6nlendirmeleri do\u011frultusunda ald\u0131\u011f\u0131 kararda \u015fehit ailelerine mali yard\u0131mlar\u0131n verilmesi, hasar &hellip;<\/p>\n","protected":false},"author":1,"featured_media":74049,"comment_status":"closed","ping_status":"closed","sticky":false,"template":"","format":"standard","meta":{"footnotes":""},"categories":[479,17988,478],"tags":[],"class_list":["post-74044","post","type-post","status-publish","format-standard","has-post-thumbnail","","category-haberler-yerel","category-son-haberler","category-yerel"],"_links":{"self":[{"href":"https:\/\/archive.sana.sy\/tr\/index.php?rest_route=\/wp\/v2\/posts\/74044","targetHints":{"allow":["GET"]}}],"collection":[{"href":"https:\/\/archive.sana.sy\/tr\/index.php?rest_route=\/wp\/v2\/posts"}],"about":[{"href":"https:\/\/archive.sana.sy\/tr\/index.php?rest_route=\/wp\/v2\/types\/post"}],"author":[{"embeddable":true,"href":"https:\/\/archive.sana.sy\/tr\/index.php?rest_route=\/wp\/v2\/users\/1"}],"replies":[{"embeddable":true,"href":"https:\/\/archive.sana.sy\/tr\/index.php?rest_route=%2Fwp%2Fv2%2Fcomments&post=74044"}],"version-history":[{"count":0,"href":"https:\/\/archive.sana.sy\/tr\/index.php?rest_route=\/wp\/v2\/posts\/74044\/revisions"}],"wp:featuredmedia":[{"embeddable":true,"href":"https:\/\/archive.sana.sy\/tr\/index.php?rest_route=\/wp\/v2\/media\/74049"}],"wp:attachment":[{"href":"https:\/\/archive.sana.sy\/tr\/index.php?rest_route=%2Fwp%2Fv2%2Fmedia&parent=74044"}],"wp:term":[{"taxonomy":"category","embeddable":true,"href":"https:\/\/archive.sana.sy\/tr\/index.php?rest_route=%2Fwp%2Fv2%2Fcategories&post=74044"},{"taxonomy":"post_tag","embeddable":true,"href":"https:\/\/archive.sana.sy\/tr\/index.php?rest_route=%2Fwp%2Fv2%2Ftags&post=74044"}],"curies":[{"name":"wp","href":"https:\/\/api.w.org\/{rel}","templated":true}]}}