{"id":74060,"date":"2016-05-24T11:18:27","date_gmt":"2016-05-24T08:18:27","guid":{"rendered":"http:\/\/sana.sy\/tr\/?p=74060"},"modified":"2016-05-25T09:50:54","modified_gmt":"2016-05-25T06:50:54","slug":"katliamci-teror-elebasi-abdyi-ziyaret-etti","status":"publish","type":"post","link":"https:\/\/archive.sana.sy\/tr\/?p=74060","title":{"rendered":"Katliamc\u0131 Ter\u00f6r Eleba\u015f\u0131 ABD\u2019yi Ziyaret Etti"},"content":{"rendered":"<p>WASH\u0130NGTON \u2013 Amerikal\u0131 McClatchy web haber sitesi ABD idaresinin m\u00fcttefikleriyle birlikte \u2018\u0131l\u0131ml\u0131 muhalifler\u2019 ad\u0131 alt\u0131nda destekledi\u011fi ve Kaide \u00d6rg\u00fct\u00fcne tabili\u011fi ile bilinen Ahrar el \u015eam \u0130slami Hareketi adl\u0131 tekfirci ter\u00f6r \u00f6rg\u00fct\u00fcn\u00fcn bir liderini ge\u00e7en s\u00fcre i\u00e7inde a\u011f\u0131rlad\u0131\u011f\u0131n\u0131 ortaya \u00e7\u0131kard\u0131.<\/p>\n<p>ABD idaresi T\u00fcrkiye ve Al Suud rejimlerinin destekleyip y\u00f6nlendirmeleriyle Suriye&#8217;de savunmas\u0131z sivil insanlara kar\u015f\u0131 katliamlarda bulunan Ahrar el \u015eam \u0130slami hareketi ve daha ba\u015fka isimler alt\u0131nda faaliyet g\u00f6steren ter\u00f6r \u00f6rg\u00fctlerin BMGK\u2019nin uluslararas\u0131 ter\u00f6r \u00f6rg\u00fctleri listesine al\u0131nmalar\u0131n\u0131 engellemekle birlikte bu ter\u00f6r \u00f6rg\u00fctlere her t\u00fcrl\u00fc yard\u0131m, destek ve \u00f6rt\u00fcy\u00fc de temin etmekteler. Kaide \u00d6rg\u00fct\u00fcn\u00fcn ideolojisine sahip olan ve aleni olarak tekfirci ideoloji alt\u0131nda son olarak Hama k\u0131rsal\u0131n\u0131n g\u00fcneyi Zara Beldesinde olmak \u00fczere Suriye&#8217;nin bir\u00e7ok b\u00f6lgesinde insanl\u0131k d\u0131\u015f\u0131 katliamlar i\u015fleyen Ahrar el \u015eam \u0130slami Hareketi, ayr\u0131ca Nusra Cephesinin ba\u015fl\u0131ca m\u00fcttefiklerinden biri say\u0131l\u0131yor.<\/p>\n<p>Amerikal\u0131 s\u00f6z konusu web haber sitesi Ahrar el \u015eam \u0130slami Hareketinde s\u00f6zde d\u0131\u015f ili\u015fkiler sorumlusu Lebib el Nehhas adl\u0131 ter\u00f6r eleba\u015f\u0131n\u0131n, ABD idaresinin vize temin etmesi ard\u0131ndan ge\u00e7en Aral\u0131k ay\u0131nda Washington\u2019u ziyaret ederek bir dizi temaslarda bulundu\u011funu belirtti. Haberde Amerikal\u0131 milli g\u00fcvenlik yetkilileri ve uzmanlar\u0131n\u0131n ter\u00f6r eleba\u015f\u0131n\u0131n ziyaretinden haberdar olduklar\u0131 da ifade edildi.<\/p>\n<p>Haberde ayr\u0131ca s\u00f6z konusu ter\u00f6r eleba\u015f\u0131n\u0131n bu ziyaretinin T\u00fcrkiye, Suudi Arabistan ve Katar rejimlerinin Ahrar el \u015eam \u0130slami Hareketini g\u00fc\u00e7l\u00fc bir ortak olarak tan\u0131tma ama\u00e7l\u0131 ba\u015flatt\u0131klar\u0131 medya kampanyas\u0131na e\u015f zamanl\u0131 olarak d\u00fczenlendi\u011fine dikkat \u00e7ekildi.<\/p>\n","protected":false},"excerpt":{"rendered":"<p>WASH\u0130NGTON \u2013 Amerikal\u0131 McClatchy web haber sitesi ABD idaresinin m\u00fcttefikleriyle birlikte \u2018\u0131l\u0131ml\u0131 muhalifler\u2019 ad\u0131 alt\u0131nda destekledi\u011fi ve Kaide \u00d6rg\u00fct\u00fcne tabili\u011fi ile bilinen Ahrar el \u015eam \u0130slami Hareketi adl\u0131 tekfirci ter\u00f6r \u00f6rg\u00fct\u00fcn\u00fcn bir liderini ge\u00e7en s\u00fcre i\u00e7inde a\u011f\u0131rlad\u0131\u011f\u0131n\u0131 ortaya \u00e7\u0131kard\u0131. ABD idaresi T\u00fcrkiye ve Al Suud rejimlerinin destekleyip y\u00f6nlendirmeleriyle Suriye&#8217;de savunmas\u0131z sivil insanlara kar\u015f\u0131 katliamlarda bulunan &hellip;<\/p>\n","protected":false},"author":1,"featured_media":74065,"comment_status":"closed","ping_status":"closed","sticky":false,"template":"","format":"standard","meta":{"footnotes":""},"categories":[458,459,17988],"tags":[],"class_list":["post-74060","post","type-post","status-publish","format-standard","has-post-thumbnail","","category-dunya1","category-haberler-arap-uluslararasi-politika","category-son-haberler"],"_links":{"self":[{"href":"https:\/\/archive.sana.sy\/tr\/index.php?rest_route=\/wp\/v2\/posts\/74060","targetHints":{"allow":["GET"]}}],"collection":[{"href":"https:\/\/archive.sana.sy\/tr\/index.php?rest_route=\/wp\/v2\/posts"}],"about":[{"href":"https:\/\/archive.sana.sy\/tr\/index.php?rest_route=\/wp\/v2\/types\/post"}],"author":[{"embeddable":true,"href":"https:\/\/archive.sana.sy\/tr\/index.php?rest_route=\/wp\/v2\/users\/1"}],"replies":[{"embeddable":true,"href":"https:\/\/archive.sana.sy\/tr\/index.php?rest_route=%2Fwp%2Fv2%2Fcomments&post=74060"}],"version-history":[{"count":0,"href":"https:\/\/archive.sana.sy\/tr\/index.php?rest_route=\/wp\/v2\/posts\/74060\/revisions"}],"wp:featuredmedia":[{"embeddable":true,"href":"https:\/\/archive.sana.sy\/tr\/index.php?rest_route=\/wp\/v2\/media\/74065"}],"wp:attachment":[{"href":"https:\/\/archive.sana.sy\/tr\/index.php?rest_route=%2Fwp%2Fv2%2Fmedia&parent=74060"}],"wp:term":[{"taxonomy":"category","embeddable":true,"href":"https:\/\/archive.sana.sy\/tr\/index.php?rest_route=%2Fwp%2Fv2%2Fcategories&post=74060"},{"taxonomy":"post_tag","embeddable":true,"href":"https:\/\/archive.sana.sy\/tr\/index.php?rest_route=%2Fwp%2Fv2%2Ftags&post=74060"}],"curies":[{"name":"wp","href":"https:\/\/api.w.org\/{rel}","templated":true}]}}